{"id":7903,"date":"2026-04-30T15:34:05","date_gmt":"2026-04-30T13:34:05","guid":{"rendered":"https:\/\/www.sivosgarlin.fr\/?p=7903"},"modified":"2026-04-30T15:34:05","modified_gmt":"2026-04-30T13:34:05","slug":"espace-jeunes-sejours-ete-2026","status":"publish","type":"post","link":"https:\/\/www.sivosgarlin.fr\/index.php\/2026\/04\/30\/espace-jeunes-sejours-ete-2026\/","title":{"rendered":"ESPACE JEUNES &#8211; SEJOURS ETE 2026"},"content":{"rendered":"<p>[vc_row][vc_column][vc_column_text]Bonjour \u00e0 tous<\/p>\n<p>Comme chaque ann\u00e9e, les 3 espaces jeunes du territoire (Arzacq-Arraziguet, Garlin et Serres-Castet) proposent aux coll\u00e9giens scolaris\u00e9s et\/ou r\u00e9sidant sur le territoire des s\u00e9jours durant les vacances estivales.<\/p>\n<p>Les s\u00e9jours propos\u00e9s cet \u00e9t\u00e9 :<\/p>\n<p>. Du <strong>13 au 17 juillet &#8211; S\u00e9jour montagne organis\u00e9 par l\u2019Espace Jeunes Garlin \u00e0 Arrens-Marsous<\/strong>\u00a0(65)<\/p>\n<p>. Du <strong>20 juillet au 24 juillet &#8211; S\u00e9jour Itin\u00e9rant d&rsquo;Aire Sur l&rsquo;Adour \u00e0 Pomps &#8211; 100% fun et d\u00e9tente<\/strong><\/p>\n<p>. Du <strong>27 au 31 juillet &#8211;\u00a0S\u00e9jour d\u00e9couverte de l&rsquo;oc\u00e9an et de son environnement<\/strong>\u00a0<strong>organis\u00e9 par l\u2019Espace Jeunes Arzacq \u00e0 Mimizan<\/strong>\u00a0(40)<\/p>\n<p>&nbsp;<\/p>\n<p>Retrouvez toutes les pr\u00e9cisions, les tarifs et le formulaire de pr\u00e9-inscription \u00e0 cette adresse\u00a0: <a href=\"https:\/\/www.cclb64.fr\/post\/s%C3%A9jours-%C3%A9t%C3%A9\" data-auth=\"NotApplicable\">Informations &amp; Pr\u00e9-inscriptions &#8211; S\u00e9jour \u00e9t\u00e9 2026<\/a><\/p>\n<p><em>Les pr\u00e9-inscriptions sont ouvertes jusqu\u2019au 20 mai, dernier d\u00e9lais (3 s\u00e9jours propos\u00e9s \u2013 2 choix possibles \u2013 1 retenu).<\/em><\/p>\n<p>Merci,[\/vc_column_text][\/vc_column][\/vc_row][vc_row][vc_column][vc_single_image image=\u00a0\u00bb7899&Prime;][\/vc_column][\/vc_row]<\/p>\n","protected":false},"excerpt":{"rendered":"<p>[vc_row][vc_column][vc_column_text]Bonjour \u00e0 tous Comme chaque ann\u00e9e, les 3 espaces jeunes du territoire (Arzacq-Arraziguet, Garlin et Serres-Castet) proposent aux coll\u00e9giens scolaris\u00e9s et\/ou r\u00e9sidant sur le territoire des s\u00e9jours durant les vacances estivales. Les s\u00e9jours propos\u00e9s cet \u00e9t\u00e9 : . Du 13 au 17 juillet &#8211; S\u00e9jour montagne organis\u00e9 par l\u2019Espace Jeunes Garlin \u00e0 Arrens-Marsous\u00a0(65) . Du &#8230;<\/p>\n","protected":false},"author":5,"featured_media":7899,"comment_status":"closed","ping_status":"open","sticky":false,"template":"","format":"standard","meta":{"footnotes":""},"categories":[1],"tags":[],"class_list":["post-7903","post","type-post","status-publish","format-standard","has-post-thumbnail","hentry","category-non-classe"],"post_mailing_queue_ids":[],"_links":{"self":[{"href":"https:\/\/www.sivosgarlin.fr\/index.php\/wp-json\/wp\/v2\/posts\/7903","targetHints":{"allow":["GET"]}}],"collection":[{"href":"https:\/\/www.sivosgarlin.fr\/index.php\/wp-json\/wp\/v2\/posts"}],"about":[{"href":"https:\/\/www.sivosgarlin.fr\/index.php\/wp-json\/wp\/v2\/types\/post"}],"author":[{"embeddable":true,"href":"https:\/\/www.sivosgarlin.fr\/index.php\/wp-json\/wp\/v2\/users\/5"}],"replies":[{"embeddable":true,"href":"https:\/\/www.sivosgarlin.fr\/index.php\/wp-json\/wp\/v2\/comments?post=7903"}],"version-history":[{"count":2,"href":"https:\/\/www.sivosgarlin.fr\/index.php\/wp-json\/wp\/v2\/posts\/7903\/revisions"}],"predecessor-version":[{"id":7906,"href":"https:\/\/www.sivosgarlin.fr\/index.php\/wp-json\/wp\/v2\/posts\/7903\/revisions\/7906"}],"wp:featuredmedia":[{"embeddable":true,"href":"https:\/\/www.sivosgarlin.fr\/index.php\/wp-json\/wp\/v2\/media\/7899"}],"wp:attachment":[{"href":"https:\/\/www.sivosgarlin.fr\/index.php\/wp-json\/wp\/v2\/media?parent=7903"}],"wp:term":[{"taxonomy":"category","embeddable":true,"href":"https:\/\/www.sivosgarlin.fr\/index.php\/wp-json\/wp\/v2\/categories?post=7903"},{"taxonomy":"post_tag","embeddable":true,"href":"https:\/\/www.sivosgarlin.fr\/index.php\/wp-json\/wp\/v2\/tags?post=7903"}],"curies":[{"name":"wp","href":"https:\/\/api.w.org\/{rel}","templated":true}]}}