{"id":7886,"date":"2026-04-27T15:11:45","date_gmt":"2026-04-27T13:11:45","guid":{"rendered":"https:\/\/www.sivosgarlin.fr\/?p=7886"},"modified":"2026-04-27T15:11:45","modified_gmt":"2026-04-27T13:11:45","slug":"mini-gazette","status":"publish","type":"post","link":"https:\/\/www.sivosgarlin.fr\/index.php\/2026\/04\/27\/mini-gazette\/","title":{"rendered":"Mini gazette"},"content":{"rendered":"<p>[vc_row][vc_column][vc_column_text]<\/p>\n<p style=\"margin: 0cm 0cm 9.0pt 0cm;\"><span style=\"color: black;\">Nous avons le plaisir de vous partager notre mini gazette des vacances de printemps.<\/span><\/p>\n<p style=\"margin: 0cm 0cm 9.0pt 0cm;\"><span style=\"color: black;\">\u00c0 travers ce document, vous pourrez d\u00e9couvrir les diff\u00e9rents plannings ainsi que les animations propos\u00e9es et r\u00e9alis\u00e9es par notre \u00e9quipe d\u2019animateurs tout au long de cette p\u00e9riode. Cette gazette a pour objectif de vous donner un aper\u00e7u des activit\u00e9s mises en place et de la diversit\u00e9 des projets propos\u00e9s aux enfants.<\/span><\/p>\n<p style=\"margin: 0cm 0cm 9.0pt 0cm;\"><span style=\"color: black;\">Nous esp\u00e9rons que ce support vous permettra de mieux visualiser le quotidien des enfants durant les vacances et les moments qu\u2019ils ont pu partager.<\/span><\/p>\n<p>[\/vc_column_text][\/vc_column][\/vc_row][vc_row][vc_column][vc_gallery interval=\u00a0\u00bb10&Prime; images=\u00a0\u00bb7887,7888,7890,7889,7891,7892&Prime; img_size=\u00a0\u00bblarge\u00a0\u00bb][\/vc_column][\/vc_row]<\/p>\n","protected":false},"excerpt":{"rendered":"<p>[vc_row][vc_column][vc_column_text] Nous avons le plaisir de vous partager notre mini gazette des vacances de printemps. \u00c0 travers ce document, vous pourrez d\u00e9couvrir les diff\u00e9rents plannings ainsi que les animations propos\u00e9es et r\u00e9alis\u00e9es par notre \u00e9quipe d\u2019animateurs tout au long de cette p\u00e9riode. Cette gazette a pour objectif de vous donner un aper\u00e7u des activit\u00e9s mises &#8230;<\/p>\n","protected":false},"author":5,"featured_media":7893,"comment_status":"closed","ping_status":"open","sticky":false,"template":"","format":"standard","meta":{"footnotes":""},"categories":[1],"tags":[],"class_list":["post-7886","post","type-post","status-publish","format-standard","has-post-thumbnail","hentry","category-non-classe"],"post_mailing_queue_ids":[],"_links":{"self":[{"href":"https:\/\/www.sivosgarlin.fr\/index.php\/wp-json\/wp\/v2\/posts\/7886","targetHints":{"allow":["GET"]}}],"collection":[{"href":"https:\/\/www.sivosgarlin.fr\/index.php\/wp-json\/wp\/v2\/posts"}],"about":[{"href":"https:\/\/www.sivosgarlin.fr\/index.php\/wp-json\/wp\/v2\/types\/post"}],"author":[{"embeddable":true,"href":"https:\/\/www.sivosgarlin.fr\/index.php\/wp-json\/wp\/v2\/users\/5"}],"replies":[{"embeddable":true,"href":"https:\/\/www.sivosgarlin.fr\/index.php\/wp-json\/wp\/v2\/comments?post=7886"}],"version-history":[{"count":1,"href":"https:\/\/www.sivosgarlin.fr\/index.php\/wp-json\/wp\/v2\/posts\/7886\/revisions"}],"predecessor-version":[{"id":7894,"href":"https:\/\/www.sivosgarlin.fr\/index.php\/wp-json\/wp\/v2\/posts\/7886\/revisions\/7894"}],"wp:featuredmedia":[{"embeddable":true,"href":"https:\/\/www.sivosgarlin.fr\/index.php\/wp-json\/wp\/v2\/media\/7893"}],"wp:attachment":[{"href":"https:\/\/www.sivosgarlin.fr\/index.php\/wp-json\/wp\/v2\/media?parent=7886"}],"wp:term":[{"taxonomy":"category","embeddable":true,"href":"https:\/\/www.sivosgarlin.fr\/index.php\/wp-json\/wp\/v2\/categories?post=7886"},{"taxonomy":"post_tag","embeddable":true,"href":"https:\/\/www.sivosgarlin.fr\/index.php\/wp-json\/wp\/v2\/tags?post=7886"}],"curies":[{"name":"wp","href":"https:\/\/api.w.org\/{rel}","templated":true}]}}