{"id":7836,"date":"2026-03-26T15:22:19","date_gmt":"2026-03-26T14:22:19","guid":{"rendered":"https:\/\/www.sivosgarlin.fr\/?p=7836"},"modified":"2026-03-26T15:25:54","modified_gmt":"2026-03-26T14:25:54","slug":"espace-jeunes-printemps-2026","status":"publish","type":"post","link":"https:\/\/www.sivosgarlin.fr\/index.php\/2026\/03\/26\/espace-jeunes-printemps-2026\/","title":{"rendered":"ESPACE JEUNES- Printemps 2026"},"content":{"rendered":"<p>[vc_row][vc_column][vc_column_text]Nous vous communiquons <strong>L\u2019AJEUNDA<\/strong>, <strong>guide des animations jeunesse sur le territoire de la CCLB pour les vacances de printemps 2026, <\/strong>dans lequel vous sont pr\u00e9sent\u00e9s les programmes\u00a0:<\/p>\n<ul>\n<li>Des <strong>Espaces Jeunes<\/strong> (Arzacq, Garlin &amp; Serres-Castet) ouvert aux coll\u00e9giens r\u00e9sidant et\/ou scolaris\u00e9s sur le territoire de la CCLB.<\/li>\n<li>Des <strong>Animations Itin\u00e9rantes, nouveau dispositif ouvert aux jeunes de 11 \u00e0 17 ans<\/strong>, compl\u00e9mentaire \u00e0 l\u2019offre des Espaces Jeunes.<\/li>\n<\/ul>\n<p><em>Un jeune n\u2019\u00e9tant pas scolaris\u00e9 sur le territoire mais y habitant par le biais d\u2019un de ses parents peut bien s\u00fbr b\u00e9n\u00e9ficier des activit\u00e9s propos\u00e9es.<\/em><\/p>\n<p>Nous vous rappelons pour des raisons de logistique et d\u2019effectifs (liste d\u2019attente, repas\u2026) :<\/p>\n<ol>\n<li>Que toute absence non signal\u00e9e par \u00e9crit 3 jours avant l\u2019activit\u00e9 sera factur\u00e9e, sauf sur d\u00e9livrance d\u2019un certificat m\u00e9dical ou d\u2019un justificatif de cas de force majeure.<\/li>\n<li>Qu\u2019il ne sera tol\u00e9r\u00e9 que 2 annulations maximum par p\u00e9riode de vacances (hors pr\u00e9sentation d\u2019un justificatif).<\/li>\n<\/ol>\n<p>[\/vc_column_text][vc_empty_space][vc_single_image image=\u00a0\u00bb7838&Prime;][vc_empty_space][vc_btn title=\u00a0\u00bbAjeunda Printemps 2026&Prime; style=\u00a0\u00bbclassic\u00a0\u00bb size=\u00a0\u00bbsm\u00a0\u00bb i_icon_fontawesome=\u00a0\u00bb\u00a0\u00bb add_icon=\u00a0\u00bbtrue\u00a0\u00bb link=\u00a0\u00bburl:https%3A%2F%2Fwww.sivosgarlin.fr%2Fwp-content%2Fuploads%2F2026%2F03%2F2026-CCLB-AJEUNDA-A6-printemps.pdf|title:Espace%20Jeunes-Printemps%202026&Prime;][vc_empty_space][\/vc_column][\/vc_row][vc_row][vc_column][vc_column_text]<\/p>\n<p id=\"viewer-4n1gb\" class=\"xVISr Y9Dpf bCMSCT OZy-3 lnyWN yMZv8w bCMSCT public-DraftStyleDefault-block-depth0 fixed-tab-size public-DraftStyleDefault-text-ltr\"><span class=\"B2EFF public-DraftStyleDefault-ltr\"><em><u class=\"D-jZk\">Crit\u00e8res de priorit\u00e9<\/u> : <\/em><\/span><\/p>\n<p id=\"viewer-48k8k\" class=\"xVISr Y9Dpf bCMSCT OZy-3 lnyWN yMZv8w bCMSCT public-DraftStyleDefault-block-depth0 fixed-tab-size public-DraftStyleDefault-text-ltr\"><span class=\"B2EFF public-DraftStyleDefault-ltr\">L\u2019accueil est r\u00e9serv\u00e9 en priorit\u00e9 aux jeunes actuellement coll\u00e9giens r\u00e9sidants et\/ou scolaris\u00e9s sur le territoire intercommunal. <\/span><\/p>\n<p id=\"viewer-6a8b3\" class=\"xVISr Y9Dpf bCMSCT OZy-3 lnyWN yMZv8w bCMSCT public-DraftStyleDefault-block-depth0 fixed-tab-size public-DraftStyleDefault-text-ltr\"><span class=\"B2EFF public-DraftStyleDefault-ltr\"><strong>Proc\u00e9dure d\u2019inscription : <\/strong><\/span><\/p>\n<p id=\"viewer-e11s8\" class=\"xVISr Y9Dpf bCMSCT OZy-3 lnyWN yMZv8w bCMSCT public-DraftStyleDefault-block-depth0 fixed-tab-size public-DraftStyleDefault-text-ltr\"><span class=\"B2EFF public-DraftStyleDefault-ltr\"><strong>Etape 1 &#8211; Pr\u00e9-inscription via ce lien sur l\u2019Espace Jeunes de votre territoire ou par t\u00e9l\u00e9phone<\/strong><\/span><\/p>\n<div data-breakout=\"normal\">\n<ul class=\"KWjzF Aw9ca\">\n<li class=\"RexvY\" dir=\"auto\" aria-level=\"1\">\n<p id=\"viewer-d03ke\" class=\"M2g-j naMKD Aw9ca MtnLO\" dir=\"\"><span class=\"iBZzo\"> Espace Jeunes Arzacq : <a class=\"XXkyJ Z9L1b\" href=\"https:\/\/forms.gle\/khzFM44pfNeHh7KC6\" target=\"_blank\" rel=\"noopener\" data-hook=\"web-link\"><u>https:\/\/forms.gle\/khzFM44pfNeHh7KC6<\/u><\/a><\/span>\u00a0Contact : 05 59 04 46 38 \u2013 <a class=\"XXkyJ Z9L1b\" href=\"mailto:centredeloisirs@arzacq.com\" target=\"_blank\" rel=\"noopener\" data-hook=\"web-link\"><u>centredeloisirs@arzacq.com<\/u><\/a><\/p>\n<\/li>\n<\/ul>\n<\/div>\n<div data-breakout=\"normal\">\n<ul class=\"KWjzF Aw9ca\">\n<li class=\"RexvY\" dir=\"auto\" aria-level=\"1\">\n<p id=\"viewer-1vd31\" class=\"M2g-j naMKD Aw9ca MtnLO\" dir=\"\"><span class=\"iBZzo\"> Espace Jeunes Garlin : <a class=\"XXkyJ Z9L1b\" href=\"https:\/\/espacefamille.aiga.fr\/index.html?dossier=1356550\" target=\"_blank\" rel=\"noopener\" data-hook=\"web-link\"><u>https:\/\/espacefamille.aiga.fr\/index.html?dossier=1356550<\/u><\/a> <\/span>Contact : 07 88 66 60 64 \u2013 <a class=\"XXkyJ Z9L1b\" href=\"mailto:espacejeunes@sivosgarlin.fr\" target=\"_blank\" rel=\"noopener\" data-hook=\"web-link\"><u>espacejeunes@sivosgarlin.fr<\/u><\/a><\/p>\n<\/li>\n<\/ul>\n<\/div>\n<div data-breakout=\"normal\">\n<ul class=\"KWjzF Aw9ca\">\n<li class=\"RexvY\" dir=\"auto\" aria-level=\"1\">\n<p id=\"viewer-e5khn\" class=\"M2g-j naMKD Aw9ca MtnLO\" dir=\"\"><span class=\"iBZzo\"> Espace Jeunes Serres-Castet : <a class=\"XXkyJ Z9L1b\" href=\"https:\/\/forms.gle\/tHZi8nvtLeARhhFU9\" target=\"_blank\" rel=\"noopener\" data-hook=\"web-link\"><u>https:\/\/forms.gle\/tHZi8nvtLeARhhFU9<\/u><\/a> <\/span>Contact : 05 59 33 11 66 \u2013 <a class=\"XXkyJ Z9L1b\" href=\"mailto:service.animation@sivosgarlin.fr\" target=\"_blank\" rel=\"noopener\" data-hook=\"web-link\">espacejeunes@csap.fr<\/a><\/p>\n<\/li>\n<\/ul>\n<p>&nbsp;<\/p>\n<\/div>\n<p id=\"viewer-9tuma\" class=\"xVISr Y9Dpf bCMSCT OZy-3 _40ACk Ecq9kg bCMSCT public-DraftStyleDefault-block-depth0 fixed-tab-size public-DraftStyleDefault-text-ltr\"><span class=\"B2EFF public-DraftStyleDefault-ltr\"><strong>Etape 2 &#8211; Envoi \u00e0 l\u2019Espace Jeunes concern\u00e9 ou d\u00e9p\u00f4t des documents obligatoires dans les 72h apr\u00e8s la pr\u00e9-inscription<\/strong><\/span><\/p>\n<p id=\"viewer-6c81s\" class=\"xVISr Y9Dpf bCMSCT OZy-3 _40ACk Ecq9kg bCMSCT public-DraftStyleDefault-block-depth0 fixed-tab-size public-DraftStyleDefault-text-ltr\"><span class=\"B2EFF public-DraftStyleDefault-ltr\">Ces documents sont valables durant toute l\u2019ann\u00e9e scolaire 2025-2026 jusqu\u2019au mois d\u2019ao\u00fbt. <\/span><\/p>\n<p id=\"viewer-3p7lr\" class=\"xVISr Y9Dpf bCMSCT OZy-3 _40ACk Ecq9kg bCMSCT public-DraftStyleDefault-block-depth0 fixed-tab-size public-DraftStyleDefault-text-ltr\"><span class=\"B2EFF public-DraftStyleDefault-ltr\">Si votre enfant participe \u00e0 des activit\u00e9s sur un autre Espace Jeunes que celui qu\u2019il fr\u00e9quente habituellement, les animateurs se transmettent le dossier.<\/span><\/p>\n<div data-hook=\"rcv-block18\"><\/div>\n<p id=\"viewer-4t3bd\" class=\"xVISr Y9Dpf bCMSCT OZy-3 _40ACk Ecq9kg bCMSCT public-DraftStyleDefault-block-depth0 fixed-tab-size public-DraftStyleDefault-text-ltr\"><span class=\"B2EFF public-DraftStyleDefault-ltr\">Fiche de renseignement \u00e0 t\u00e9l\u00e9charger ci-dessous :<\/span><\/p>\n<p>[\/vc_column_text][vc_btn title=\u00a0\u00bbFiche inscription 2025-2026&Prime; style=\u00a0\u00bbclassic\u00a0\u00bb size=\u00a0\u00bbsm\u00a0\u00bb i_icon_fontawesome=\u00a0\u00bb\u00a0\u00bb add_icon=\u00a0\u00bbtrue\u00a0\u00bb link=\u00a0\u00bburl:https%3A%2F%2Fwww.sivosgarlin.fr%2Fwp-content%2Fuploads%2F2026%2F03%2FFiche-renseignement-sanitaire-espaces-jeunes-2025-2026.pdf\u00a0\u00bb][vc_column_text]<\/p>\n<ul class=\"public-DraftStyleDefault-ul\">\n<li id=\"viewer-2t64g\" class=\"bCMSCT Unmlxj s-SEY _40ACk public-DraftStyleDefault-unorderedListItem public-DraftStyleDefault-depth0 public-DraftStyleDefault-list-ltr fixed-tab-size public-DraftStyleDefault-reset OZy-3 _40ACk Ecq9kg bCMSCT\">\n<p class=\"Y9Dpf OZy-3 _40ACk Ecq9kg bCMSCT undefined\">Attestation de quotient familial CAF ou MSA + le cas \u00e9ch\u00e9ant, Attestation Aide aux vacances VACAF ou Bons vacances MSA \/ Non allocataire : avis d\u2019imposition le plus r\u00e9cent (sans l\u2019un de ces documents, le tarif le plus \u00e9lev\u00e9 sera appliqu\u00e9).<\/p>\n<\/li>\n<li id=\"viewer-b48gp\" class=\"bCMSCT Unmlxj s-SEY _40ACk public-DraftStyleDefault-unorderedListItem public-DraftStyleDefault-depth0 public-DraftStyleDefault-list-ltr fixed-tab-size OZy-3 _40ACk Ecq9kg bCMSCT\">\n<p class=\"Y9Dpf OZy-3 _40ACk Ecq9kg bCMSCT undefined\">Copie du carnet du vaccination ou Attestation du m\u00e9decin indiquant que le jeune est \u00e0 jour des vaccinations obligatoires.<\/p>\n<\/li>\n<li id=\"viewer-3qp0n\" class=\"bCMSCT Unmlxj s-SEY _40ACk public-DraftStyleDefault-unorderedListItem public-DraftStyleDefault-depth0 public-DraftStyleDefault-list-ltr fixed-tab-size OZy-3 _40ACk Ecq9kg bCMSCT\">\n<p class=\"Y9Dpf OZy-3 _40ACk Ecq9kg bCMSCT undefined\">Pass Nautique (ou Attestation d\u2019Aisance Aquatique ou \u00ab Savoir nager \u00bb, r\u00e9alis\u00e9 avec l\u2019\u00e9cole\/le coll\u00e8ge) \u2013 Sauf pour ceux l\u2019ayant d\u00e9j\u00e0 transmis les ann\u00e9es pr\u00e9c\u00e9dentes. Si vous n\u2019avez pas encore ce document, vous pourrez le communiquer durant l\u2019ann\u00e9e scolaire.<\/p>\n<\/li>\n<\/ul>\n<p id=\"viewer-6r7m3\" class=\"xVISr Y9Dpf bCMSCT OZy-3 _40ACk Ecq9kg bCMSCT public-DraftStyleDefault-block-depth0 fixed-tab-size public-DraftStyleDefault-text-ltr\"><span class=\"B2EFF public-DraftStyleDefault-ltr\"><strong>Etape 3 \u2013 Confirmation d\u2019inscription ou positionnement sur liste d\u2019attente envoy\u00e9e par mail par les Espaces Jeunes<\/strong><\/span><\/p>\n<p id=\"viewer-9ud90\" class=\"xVISr Y9Dpf bCMSCT OZy-3 _40ACk Ecq9kg bCMSCT public-DraftStyleDefault-block-depth0 fixed-tab-size public-DraftStyleDefault-text-ltr\"><span class=\"B2EFF public-DraftStyleDefault-ltr\">Vous trouverez la tarification dans l\u2019Ajeunda \u2013 rubrique \u00ab Mode d\u2019emploi \u00bb. Pour pr\u00e9cision, pour les journ\u00e9es et apr\u00e8s-midi\/soir\u00e9es, les repas et go\u00fbters sont compris dans la prestation.<\/span><\/p>\n<p>[\/vc_column_text][\/vc_column][\/vc_row]<\/p>\n","protected":false},"excerpt":{"rendered":"<p>[vc_row][vc_column][vc_column_text]Nous vous communiquons L\u2019AJEUNDA, guide des animations jeunesse sur le territoire de la CCLB pour les vacances de printemps 2026, dans lequel vous sont pr\u00e9sent\u00e9s les programmes\u00a0: Des Espaces Jeunes (Arzacq, Garlin &amp; Serres-Castet) ouvert aux coll\u00e9giens r\u00e9sidant et\/ou scolaris\u00e9s sur le territoire de la CCLB. Des Animations Itin\u00e9rantes, nouveau dispositif ouvert aux jeunes de &#8230;<\/p>\n","protected":false},"author":5,"featured_media":7838,"comment_status":"closed","ping_status":"open","sticky":false,"template":"","format":"standard","meta":{"footnotes":""},"categories":[1],"tags":[],"class_list":["post-7836","post","type-post","status-publish","format-standard","has-post-thumbnail","hentry","category-non-classe"],"post_mailing_queue_ids":[],"_links":{"self":[{"href":"https:\/\/www.sivosgarlin.fr\/index.php\/wp-json\/wp\/v2\/posts\/7836","targetHints":{"allow":["GET"]}}],"collection":[{"href":"https:\/\/www.sivosgarlin.fr\/index.php\/wp-json\/wp\/v2\/posts"}],"about":[{"href":"https:\/\/www.sivosgarlin.fr\/index.php\/wp-json\/wp\/v2\/types\/post"}],"author":[{"embeddable":true,"href":"https:\/\/www.sivosgarlin.fr\/index.php\/wp-json\/wp\/v2\/users\/5"}],"replies":[{"embeddable":true,"href":"https:\/\/www.sivosgarlin.fr\/index.php\/wp-json\/wp\/v2\/comments?post=7836"}],"version-history":[{"count":4,"href":"https:\/\/www.sivosgarlin.fr\/index.php\/wp-json\/wp\/v2\/posts\/7836\/revisions"}],"predecessor-version":[{"id":7844,"href":"https:\/\/www.sivosgarlin.fr\/index.php\/wp-json\/wp\/v2\/posts\/7836\/revisions\/7844"}],"wp:featuredmedia":[{"embeddable":true,"href":"https:\/\/www.sivosgarlin.fr\/index.php\/wp-json\/wp\/v2\/media\/7838"}],"wp:attachment":[{"href":"https:\/\/www.sivosgarlin.fr\/index.php\/wp-json\/wp\/v2\/media?parent=7836"}],"wp:term":[{"taxonomy":"category","embeddable":true,"href":"https:\/\/www.sivosgarlin.fr\/index.php\/wp-json\/wp\/v2\/categories?post=7836"},{"taxonomy":"post_tag","embeddable":true,"href":"https:\/\/www.sivosgarlin.fr\/index.php\/wp-json\/wp\/v2\/tags?post=7836"}],"curies":[{"name":"wp","href":"https:\/\/api.w.org\/{rel}","templated":true}]}}