{"id":7821,"date":"2026-03-16T15:34:03","date_gmt":"2026-03-16T14:34:03","guid":{"rendered":"https:\/\/www.sivosgarlin.fr\/?p=7821"},"modified":"2026-03-16T15:34:03","modified_gmt":"2026-03-16T14:34:03","slug":"accueil-de-loisirs-printemps-2026","status":"publish","type":"post","link":"https:\/\/www.sivosgarlin.fr\/index.php\/2026\/03\/16\/accueil-de-loisirs-printemps-2026\/","title":{"rendered":"Accueil de loisirs &#8211; Printemps 2026"},"content":{"rendered":"<p>[vc_row][vc_column][vc_column_text]L\u2019accueil de loisirs ouvrira ses portes <strong>du mardi 07 avril\u00a0 au vendredi 17 avril <\/strong>\u00e0 l&rsquo;\u00e9cole \u00e9l\u00e9mentaire de Garlin.<\/p>\n<p>L\u2019accueil du matin se fera de 7h30 \u00e0 9h45, et celui du soir \u00e0 partir de 17h00 jusqu\u2019\u00e0 18h30.<\/p>\n<p>Les enfants seront r\u00e9partis pour les activit\u00e9s en deux groupes distincts :<\/p>\n<ul>\n<li><strong><em>3-5 ans\u00a0<\/em><\/strong><\/li>\n<li><strong><em>6-12 ans<\/em><\/strong><\/li>\n<\/ul>\n<p>Les th\u00e8mes abord\u00e9s pendant les vacances :<\/p>\n<ul>\n<li><span style=\"color: #cc99ff;\"><strong><em><span style=\"color: #000000;\"><span style=\"text-decoration: underline;\">Du lundi 07 avril au 10 avril <\/span>:<\/span>\u00a0<span style=\"color: #ff6600;\">Les traditions du monde\u00a0<\/span><\/em><\/strong><\/span><\/li>\n<li><span style=\"color: #cc99ff;\"><strong><em><span style=\"color: #000000;\"><span style=\"text-decoration: underline;\">Du lundi 13 avril au 17 avril <\/span>: <span style=\"color: #008000;\">La plan\u00e8te verte<\/span><\/span><\/em><\/strong><\/span><\/li>\n<\/ul>\n<p>Pensez \u00e0 pr\u00e9voir pour votre enfant :<\/p>\n<ul>\n<li>Une gourde avec le pr\u00e9nom marqu\u00e9 dessus<\/li>\n<li>Un change (si n\u00e9cessaire)<\/li>\n<li>Un sac a dos<\/li>\n<\/ul>\n<p>[\/vc_column_text][vc_empty_space][vc_tta_accordion][vc_tta_section title=\u00a0\u00bbInscriptions\u00a0\u00bb tab_id=\u00a0\u00bb1773670428439-270d509d-fa5c\u00a0\u00bb][vc_column_text]<\/p>\n<p lang=\"fr-FR\" align=\"JUSTIFY\"><span style=\"color: #000000; font-size: 12pt;\"><span style=\"font-family: Calibri, serif;\">Les inscriptions \u00e0 l\u2019accueil de loisirs se d\u00e9roulera du mardi 07 avril au vendredi 17 avril 2026 <u><b>ouvriront d\u00e8s le lundi 16 mars.<\/b><\/u><\/span><\/span><\/p>\n<p lang=\"fr-FR\" align=\"JUSTIFY\"><span style=\"color: #000000; font-size: 12pt;\"><span style=\"font-family: Calibri, serif;\">Elles se d\u00e9rouleront en deux p\u00e9riodes\u00a0:<\/span><\/span><\/p>\n<ol>\n<li>\n<p lang=\"fr-FR\"><span style=\"color: #000000; font-size: 12pt;\"><span style=\"font-family: Calibri, serif;\"><u>Premi\u00e8re p\u00e9riode <\/u><span style=\"color: #ee0000;\"><i><u><b>(du 16 mars au 25 mars )<\/b><\/u><\/i><\/span><u> :<\/u><b> Inscription \u00e0 l\u2019activit\u00e9 et <\/b><u><b>pr\u00e9-r\u00e9servation<\/b><\/u><b> des jours de fr\u00e9quentation<\/b><\/span><\/span><\/p>\n<\/li>\n<\/ol>\n<p lang=\"fr-FR\"><span style=\"color: #000000; font-size: 12pt;\"><span style=\"font-family: Calibri, serif;\">Cette p\u00e9riode est ouverte <u>\u00e0 toutes<\/u> les familles. Toute d\u00e9marche devra <b>obligatoirement <\/b>se faire via votre espace famille I\u2019No\u00e9. Vous pourrez durant cette p\u00e9riode faire une pr\u00e9-r\u00e9servation des jours souhait\u00e9s. Il suffira, via le calendrier de r\u00e9servation, cliquer sur les jours souhait\u00e9s et enregistrer la s\u00e9lection. La case deviendra bleue et un \u00ab\u00a0?\u00a0\u00bb appara\u00eetra. Cela signifie que votre demande est maintenant soumise \u00e0 validation par notre service. <\/span><\/span><\/p>\n<p lang=\"fr-FR\"><span style=\"color: #000000; font-size: 12pt;\"><span style=\"font-family: Calibri, serif;\"><span style=\"color: #ee0000;\"><u><b>ATTENTION\u00a0<\/b><\/u><\/span><span style=\"color: #ee0000;\">: Veillez \u00e0 v\u00e9rifier que tous vos documents soient bien \u00e0 jour (Attestation d\u2019assurance, quotient familial, vaccins des enfants). Cela pourrait ralentir et compliquer la proc\u00e9dure de pr\u00e9-r\u00e9servation.<\/span><\/span><\/span><\/p>\n<p lang=\"fr-FR\"><span style=\"color: #000000; font-size: 12pt;\"><span style=\"font-family: Calibri, serif;\"><i><b>N.B.<\/b><\/i>\u00a0: <i>Le crit\u00e8re journ\u00e9e compl\u00e8te sera prioritaire dans nos crit\u00e8res de s\u00e9lection.<\/i><\/span><\/span><\/p>\n<ol>\n<li>\n<p lang=\"fr-FR\"><span style=\"color: #000000; font-size: 12pt;\"><span style=\"font-family: Calibri, serif;\"><u>Deuxi\u00e8me p\u00e9riode <\/u><span style=\"color: #ee0000;\"><i><u><b>(du 26 au 27 mars)<\/b><\/u><\/i><\/span><u> :<\/u> <b>Validation des r\u00e9servations<\/b><\/span><\/span><\/p>\n<\/li>\n<\/ol>\n<p lang=\"fr-FR\"><span style=\"color: #000000; font-size: 12pt;\"><span style=\"font-family: Calibri, serif;\">Durant ces deux jours, les animatrices travailleront \u00e0 traiter rapidement les demandes de r\u00e9servation des familles. Les crit\u00e8res de s\u00e9lections retenus sont : les fratries, la pr\u00e9sence en journ\u00e9e compl\u00e8te, la r\u00e9gularit\u00e9 de la fr\u00e9quentation. <\/span><\/span><\/p>\n<p lang=\"fr-FR\"><span style=\"color: #000000; font-size: 12pt;\"><span style=\"font-family: Calibri, serif;\">Compte tenu des places disponibles sur notre accueil de loisirs, il est possible que toutes les demandes ne soient pas satisfaites. Dans ce cas-l\u00e0, votre enfant est bascul\u00e9 en liste d\u2019attente. Vous serez alors recontact\u00e9s si une place se lib\u00e8re \u00e0 la suite d\u2019un d\u00e9sistement. <\/span><\/span><\/p>\n<p lang=\"fr-FR\"><span style=\"color: #000000; font-size: 12pt;\"><span style=\"font-family: Calibri, serif;\">Notre logiciel I\u2019No\u00e9 ne nous permet pas d\u2019envoyer individuellement un mail r\u00e9capitulatif des r\u00e9servations. Il vous faudra donc v\u00e9rifier le calendrier de r\u00e9servation. Si besoin une l\u00e9gende est disponible dans le coin sup\u00e9rieur gauche de ce dernier.<\/span><\/span><\/p>\n<p>Toute modification d\u2019inscription ou absence en dehors des p\u00e9riodes mentionn\u00e9es ci-dessus n\u00e9cessitera la pr\u00e9sentation d\u2019un justificatif m\u00e9dical. <span style=\"text-decoration: underline;\"><span style=\"color: #ff0000; text-decoration: underline;\">Sans justificatif, les r\u00e9servations seront factur\u00e9es.<\/span><\/span>[\/vc_column_text][\/vc_tta_section][vc_tta_section title=\u00a0\u00bbProgramme d&rsquo;animation \u00a0\u00bb tab_id=\u00a0\u00bb1773670428457-e24332d7-63c1&Prime;][vc_gallery interval=\u00a0\u00bb10&Prime; images=\u00a0\u00bb7822,7823&Prime; img_size=\u00a0\u00bblarge\u00a0\u00bb][\/vc_tta_section][vc_tta_section title=\u00a0\u00bbTarifs\u00a0\u00bb tab_id=\u00a0\u00bb1773671133926-1c82ea72-8606&Prime;][vc_column_text]Tarifs d&rsquo;accueil[\/vc_column_text][vc_single_image image=\u00a0\u00bb7657&Prime; img_size=\u00a0\u00bblarge\u00a0\u00bb][vc_column_text]Tarif des repas[\/vc_column_text][vc_single_image image=\u00a0\u00bb7778&Prime; img_size=\u00a0\u00bblarge\u00a0\u00bb][\/vc_tta_section][\/vc_tta_accordion][vc_column_text]Le Syndicat a mis \u00e0 jour le r\u00e8glement int\u00e9rieur de ses services. Les nouvelles mesures prises sont applicable depuis le 1er janvier.<\/p>\n<p>Il est important d&rsquo;en prendre connaissance et de noter que toute participation de votre(vos) enfant(s) aux activit\u00e9s du Syndicat implique <strong><span style=\"text-decoration: underline;\">l&rsquo;acceptation<\/span><\/strong> du pr\u00e9sent r\u00e8glement.<\/p>\n<p>Vous pouvez le consulter en cliquant sur le bouton ci-dessous.[\/vc_column_text][vc_btn title=\u00a0\u00bbR\u00e8glement int\u00e9rieur des services\u00a0\u00bb style=\u00a0\u00bbclassic\u00a0\u00bb color=\u00a0\u00bbdanger\u00a0\u00bb size=\u00a0\u00bbsm\u00a0\u00bb i_icon_fontawesome=\u00a0\u00bb\u00a0\u00bb add_icon=\u00a0\u00bbtrue\u00a0\u00bb link=\u00a0\u00bburl:https%3A%2F%2Fwww.sivosgarlin.fr%2Findex.php%2F2025%2F07%2F31%2Frentree-scolaire-2025-2026%2F|title:Rentr%C3%A9e%20scolaire%202025%2F2026&Prime;][\/vc_column][\/vc_row]<\/p>\n","protected":false},"excerpt":{"rendered":"<p>[vc_row][vc_column][vc_column_text]L\u2019accueil de loisirs ouvrira ses portes du mardi 07 avril\u00a0 au vendredi 17 avril \u00e0 l&rsquo;\u00e9cole \u00e9l\u00e9mentaire de Garlin. L\u2019accueil du matin se fera de 7h30 \u00e0 9h45, et celui du soir \u00e0 partir de 17h00 jusqu\u2019\u00e0 18h30. Les enfants seront r\u00e9partis pour les activit\u00e9s en deux groupes distincts : 3-5 ans\u00a0 6-12 ans Les &#8230;<\/p>\n","protected":false},"author":5,"featured_media":7701,"comment_status":"closed","ping_status":"open","sticky":false,"template":"","format":"standard","meta":{"footnotes":""},"categories":[1],"tags":[],"class_list":["post-7821","post","type-post","status-publish","format-standard","has-post-thumbnail","hentry","category-non-classe"],"post_mailing_queue_ids":[],"_links":{"self":[{"href":"https:\/\/www.sivosgarlin.fr\/index.php\/wp-json\/wp\/v2\/posts\/7821","targetHints":{"allow":["GET"]}}],"collection":[{"href":"https:\/\/www.sivosgarlin.fr\/index.php\/wp-json\/wp\/v2\/posts"}],"about":[{"href":"https:\/\/www.sivosgarlin.fr\/index.php\/wp-json\/wp\/v2\/types\/post"}],"author":[{"embeddable":true,"href":"https:\/\/www.sivosgarlin.fr\/index.php\/wp-json\/wp\/v2\/users\/5"}],"replies":[{"embeddable":true,"href":"https:\/\/www.sivosgarlin.fr\/index.php\/wp-json\/wp\/v2\/comments?post=7821"}],"version-history":[{"count":1,"href":"https:\/\/www.sivosgarlin.fr\/index.php\/wp-json\/wp\/v2\/posts\/7821\/revisions"}],"predecessor-version":[{"id":7825,"href":"https:\/\/www.sivosgarlin.fr\/index.php\/wp-json\/wp\/v2\/posts\/7821\/revisions\/7825"}],"wp:featuredmedia":[{"embeddable":true,"href":"https:\/\/www.sivosgarlin.fr\/index.php\/wp-json\/wp\/v2\/media\/7701"}],"wp:attachment":[{"href":"https:\/\/www.sivosgarlin.fr\/index.php\/wp-json\/wp\/v2\/media?parent=7821"}],"wp:term":[{"taxonomy":"category","embeddable":true,"href":"https:\/\/www.sivosgarlin.fr\/index.php\/wp-json\/wp\/v2\/categories?post=7821"},{"taxonomy":"post_tag","embeddable":true,"href":"https:\/\/www.sivosgarlin.fr\/index.php\/wp-json\/wp\/v2\/tags?post=7821"}],"curies":[{"name":"wp","href":"https:\/\/api.w.org\/{rel}","templated":true}]}}