{"id":7718,"date":"2025-10-03T16:21:01","date_gmt":"2025-10-03T14:21:01","guid":{"rendered":"https:\/\/www.sivosgarlin.fr\/?p=7718"},"modified":"2025-10-03T16:21:01","modified_gmt":"2025-10-03T14:21:01","slug":"espace-jeunes-automne-2025","status":"publish","type":"post","link":"https:\/\/www.sivosgarlin.fr\/index.php\/2025\/10\/03\/espace-jeunes-automne-2025\/","title":{"rendered":"Espace Jeunes-Automne 2025"},"content":{"rendered":"<p>[vc_row][vc_column][vc_column_text]Tu es adolescent et tu es scolaris\u00e9.e et\/ou tu habites sur le territoire de la CCLB ? Deux dispositifs te sont propos\u00e9s durant les vacances\u00a0: l\u2019<em>Ado Tour<\/em> (animations itin\u00e9rantes) &amp; les Espaces Jeunes \u00e0 Arzacq-Arraziguet, Garlin &amp; Serres-Castet.<\/p>\n<p><span style=\"color: #ff0000;\"><strong>Ajeunda<\/strong><\/span>[\/vc_column_text][vc_column_text]Programme complet \u00e0 t\u00e9l\u00e9charger ici:[\/vc_column_text][vc_btn title=\u00a0\u00bbAjeunda Automne 2025&Prime; color=\u00a0\u00bbwarning\u00a0\u00bb i_icon_fontawesome=\u00a0\u00bbfar fa-file-pdf\u00a0\u00bb add_icon=\u00a0\u00bbtrue\u00a0\u00bb link=\u00a0\u00bburl:https%3A%2F%2Fwww.sivosgarlin.fr%2Fwp-content%2Fuploads%2F2025%2F10%2Fajeunda_automne25.pdf\u00a0\u00bb][vc_column_text]<\/p>\n<h2><span style=\"color: #800000;\">ADO TOUR &#8211; Animations itin\u00e9rantes (11-17ans)<\/span><\/h2>\n<p>[\/vc_column_text][vc_column_text]<\/p>\n<div data-breakout=\"normal\">\n<p id=\"viewer-ydyhh514\" class=\"fxTZ7 fvFfv tTJlO xFml2\" dir=\"auto\"><span class=\"zzOoR tTJlO\">Ce dispositif a pour objectif de permettre aux adolescents de b\u00e9n\u00e9ficier d\u2019animations de loisirs, de d\u00e9couvertes artistiques et sportives, d\u2019\u00e9coute, d\u2019accompagnement, de pr\u00e9vention au plus pr\u00e8s de leur lieu d\u2019habitation. L\u2019animateur se d\u00e9placera sur des communes du territoire cibl\u00e9es afin d\u2019aller \u00e0 leur rencontre et de leur proposer des activit\u00e9s mais \u00e9galement pour \u00e9changer avec eux, recenser leurs envies, leurs attentes. <\/span><\/p>\n<\/div>\n<div data-hook=\"rcv-block7\"><\/div>\n<div data-breakout=\"normal\">\n<div id=\"viewer-rxvh9469\" class=\"fxTZ7 fvFfv tTJlO xFml2\" dir=\"auto\"><span class=\"zzOoR tTJlO\">\u00a0<\/span><\/div>\n<\/div>\n<div data-hook=\"rcv-block8\"><\/div>\n<div data-breakout=\"normal\">\n<p id=\"viewer-5flzy517\" class=\"fxTZ7 fvFfv tTJlO xFml2\" dir=\"auto\"><span class=\"zzOoR tTJlO\"><strong><em>Nouveau concept<\/em><\/strong><strong>\u00a0: Bouge, kiffe, d\u00e9couvre !<\/strong>\u00a0Dans le cadre de l\u2019Ado Tour, en compl\u00e9ment des animations au sein des communes, des participations \u00e0 des \u00e9v\u00e9nements in\u00e9dits sportifs (basket, rugby, foot, hand, skate\u2026) et culturels (concerts, spectacles\u2026) sont propos\u00e9s tout au long de l\u2019ann\u00e9e aux 12-17 ans.<\/span><\/p>\n<\/div>\n<div data-hook=\"rcv-block9\"><\/div>\n<div data-breakout=\"normal\">\n<p id=\"viewer-i6uv4519\" class=\"fxTZ7 fvFfv tTJlO xFml2\" dir=\"auto\"><span class=\"zzOoR tTJlO\">Retrouvez toutes les pr\u00e9cisions sur l\u2019Ajeunda.<\/span><\/p>\n<\/div>\n<div data-hook=\"rcv-block10\"><\/div>\n<div data-breakout=\"normal\">\n<div id=\"viewer-cfgrz720\" class=\"fxTZ7 fvFfv lRgAI xFml2\" dir=\"auto\"><span class=\"zzOoR\">\u00a0<\/span><\/div>\n<\/div>\n<div data-hook=\"rcv-block11\"><\/div>\n<div data-breakout=\"normal\">\n<p id=\"viewer-gianr699\" class=\"fxTZ7 fvFfv lRgAI xFml2\" dir=\"auto\"><span class=\"zzOoR\">Inscription via ce lien : <a class=\"OfpAK PB45x\" href=\"https:\/\/forms.gle\/rtsbbPT2NQdmnvqw6\" target=\"_blank\" rel=\"noopener\" data-hook=\"web-link\"><u>https:\/\/forms.gle\/rtsbbPT2NQdmnvqw6<\/u><\/a><\/span><\/p>\n<\/div>\n<div data-hook=\"rcv-block12\"><\/div>\n<div data-breakout=\"normal\">\n<div id=\"viewer-kuudk810\" class=\"fxTZ7 fvFfv lRgAI xFml2\" dir=\"auto\"><\/div>\n<\/div>\n<p>[\/vc_column_text][vc_column_text]<\/p>\n<ul class=\"T3-vm lRgAI\">\n<li class=\"syYPV\" dir=\"auto\" aria-level=\"1\">\n<p id=\"viewer-bnnr3\" class=\"fxTZ7 fvFfv lRgAI xFml2\" dir=\"\"><span class=\"zzOoR\">Fiche de renseignement obligatoire (\u00e0 t\u00e9l\u00e9charger).<\/span><\/p>\n<\/li>\n<\/ul>\n<p>[\/vc_column_text][vc_btn title=\u00a0\u00bbFiche renseignement sanitaire espaces jeunes &#8211; 2025 2026&Prime; color=\u00a0\u00bbdanger\u00a0\u00bb i_icon_fontawesome=\u00a0\u00bbfar fa-file-pdf\u00a0\u00bb add_icon=\u00a0\u00bbtrue\u00a0\u00bb link=\u00a0\u00bburl:https%3A%2F%2Fwww.sivosgarlin.fr%2Fwp-content%2Fuploads%2F2025%2F10%2FFiche-renseignement-sanitaire-espaces-jeunes-2025-2026.pdf\u00a0\u00bb][vc_column_text]<\/p>\n<h2><span style=\"color: #800000;\">Espaces jeunes<\/span><\/h2>\n<p>[\/vc_column_text][vc_column_text]<\/p>\n<div data-breakout=\"normal\">\n<ul class=\"T3-vm lRgAI\">\n<li class=\"syYPV\" dir=\"auto\" aria-level=\"1\">\n<div data-breakout=\"normal\">\n<p id=\"viewer-iac1g3786\" class=\"fxTZ7 fvFfv lRgAI xFml2\" dir=\"auto\"><span class=\"zzOoR\"><em><u>Crit\u00e8res de priorit\u00e9<\/u><\/em><em> : <\/em><\/span><\/p>\n<\/div>\n<div data-hook=\"rcv-block17\"><\/div>\n<div data-breakout=\"normal\">\n<p id=\"viewer-48k8k\" class=\"fxTZ7 fvFfv lRgAI xFml2\" dir=\"auto\"><span class=\"zzOoR\">L\u2019accueil est r\u00e9serv\u00e9 en priorit\u00e9 aux jeunes actuellement coll\u00e9giens r\u00e9sidants et\/ou scolaris\u00e9s sur le territoire intercommunal.<\/span><\/p>\n<\/div>\n<div data-hook=\"rcv-block18\"><\/div>\n<div data-breakout=\"normal\">\n<div id=\"viewer-9970d\" class=\"fxTZ7 fvFfv lRgAI xFml2\" dir=\"auto\"><span class=\"zzOoR\">\u00a0<\/span><\/div>\n<\/div>\n<div data-hook=\"rcv-block19\"><\/div>\n<div data-breakout=\"normal\">\n<h3 id=\"viewer-6a8b3\" class=\"pKcrF VTRRk lRgAI xFml2\" dir=\"auto\"><span class=\"ik3-v\"><strong>Proc\u00e9dure d\u2019inscription : <\/strong><\/span><\/h3>\n<\/div>\n<div data-hook=\"rcv-block20\"><\/div>\n<div data-breakout=\"normal\">\n<p id=\"viewer-51aj5\" class=\"fxTZ7 fvFfv lRgAI xFml2\" dir=\"auto\"><span class=\"zzOoR\"><strong><u>Etape 1 &#8211; Pr\u00e9-inscription via ce lien sur l\u2019Espace Jeunes de votre territoire ou par t\u00e9l\u00e9phone <\/u><\/strong><\/span><\/p>\n<\/div>\n<div data-hook=\"rcv-block21\"><\/div>\n<div data-breakout=\"normal\">\n<div id=\"viewer-8b4if\" class=\"fxTZ7 fvFfv lRgAI xFml2\" dir=\"auto\"><span class=\"zzOoR\">\u00a0<\/span><\/div>\n<\/div>\n<div data-hook=\"rcv-block22\"><\/div>\n<div data-breakout=\"normal\">\n<ul class=\"T3-vm lRgAI\">\n<li class=\"syYPV\" dir=\"auto\" aria-level=\"1\">\n<p id=\"viewer-d03ke\" class=\"fxTZ7 fvFfv lRgAI xFml2\" dir=\"\"><span class=\"zzOoR\"> Espace Jeunes Arzacq : <a class=\"OfpAK PB45x\" href=\"https:\/\/forms.gle\/5HZvRhRXZYfgUsF2A\" target=\"_blank\" rel=\"noopener\" data-hook=\"web-link\"><u>https:\/\/forms.gle\/5HZvRhRXZYfgUsF2A<\/u><\/a><\/span><\/p>\n<\/li>\n<\/ul>\n<\/div>\n<div data-hook=\"rcv-block23\"><\/div>\n<div data-breakout=\"normal\">\n<p id=\"viewer-ftbi3\" class=\"fxTZ7 fvFfv lRgAI xFml2\" dir=\"auto\"><span class=\"zzOoR\">Contact : 06 81 92 39 15 \u2013 <a class=\"OfpAK PB45x\" href=\"mailto:ejarzacq@gmail.com\" target=\"_blank\" rel=\"noopener\" data-hook=\"web-link\"><u>ejarzacq@gmail.com<\/u><\/a><\/span><\/p>\n<\/div>\n<div data-hook=\"rcv-block24\"><\/div>\n<div data-breakout=\"normal\">\n<div id=\"viewer-54ldo\" class=\"fxTZ7 fvFfv lRgAI xFml2\" dir=\"auto\"><span class=\"zzOoR\">\u00a0<\/span><\/div>\n<\/div>\n<div data-hook=\"rcv-block25\"><\/div>\n<div data-breakout=\"normal\">\n<ul class=\"T3-vm lRgAI\">\n<li class=\"syYPV\" dir=\"auto\" aria-level=\"1\">\n<p id=\"viewer-1vd31\" class=\"fxTZ7 fvFfv lRgAI xFml2\" dir=\"\"><span class=\"zzOoR\"> Espace Jeunes Garlin : <a class=\"OfpAK PB45x\" href=\"https:\/\/espacefamille.aiga.fr\/index.html?dossier=1356550\" target=\"_blank\" rel=\"noopener\" data-hook=\"web-link\"><u>https:\/\/espacefamille.aiga.fr\/index.html?dossier=1356550<\/u><\/a><\/span><\/p>\n<\/li>\n<\/ul>\n<\/div>\n<div data-hook=\"rcv-block26\"><\/div>\n<div data-breakout=\"normal\">\n<p id=\"viewer-dcvi7\" class=\"fxTZ7 fvFfv lRgAI xFml2\" dir=\"auto\"><span class=\"zzOoR\">Contact : 07 88 66 60 64 \u2013 <a class=\"OfpAK PB45x\" href=\"mailto:espacejeunes@sivosgarlin.fr\" target=\"_blank\" rel=\"noopener\" data-hook=\"web-link\"><u>espacejeunes@sivosgarlin.fr<\/u><\/a><\/span><\/p>\n<\/div>\n<div data-hook=\"rcv-block27\"><\/div>\n<div data-breakout=\"normal\">\n<div id=\"viewer-e5khn\" class=\"fxTZ7 fvFfv lRgAI xFml2\" dir=\"auto\"><span class=\"zzOoR\">\u00a0<\/span><\/div>\n<\/div>\n<div data-hook=\"rcv-block28\"><\/div>\n<div data-breakout=\"normal\">\n<ul class=\"T3-vm lRgAI\">\n<li class=\"syYPV\" dir=\"auto\" aria-level=\"1\">\n<p id=\"viewer-pyyxp3909\" class=\"fxTZ7 fvFfv lRgAI xFml2\" dir=\"\"><span class=\"zzOoR\">Espace Jeunes Serres-Castet : nouvelles modalit\u00e9s d&rsquo;inscription &#8211; mise en place \u00ab\u00a0Espace famille\u00a0\u00bb :\u00a0<\/span><\/p>\n<p id=\"viewer-lzem04103\" class=\"fxTZ7 fvFfv lRgAI xFml2\" dir=\"\"><span class=\"zzOoR\">1 &#8211; Les jeunes adh\u00e9rents ayant d\u00e9j\u00e0 un espace famille cr\u00e9\u00e9 sur le portail.<\/span><\/p>\n<\/li>\n<\/ul>\n<\/div>\n<div data-hook=\"rcv-block29\"><\/div>\n<div data-breakout=\"normal\">\n<p id=\"viewer-nabt01407\" class=\"fxTZ7 fvFfv lRgAI xFml2\" dir=\"auto\"><span class=\"zzOoR\"> Pr\u00e9-inscriptions via ce lien :\u00a0<a class=\"OfpAK PB45x\" href=\"https:\/\/espacefamille.aiga.fr\/3836742\" target=\"_blank\" rel=\"noopener\" data-hook=\"web-link\"><u>https:\/\/espacefamille.aiga.fr\/3836742<\/u><\/a><\/span><\/p>\n<\/div>\n<div data-hook=\"rcv-block30\"><\/div>\n<div data-breakout=\"normal\">\n<p id=\"viewer-o5mk73049\" class=\"fxTZ7 fvFfv lRgAI xFml2\" dir=\"auto\"><span class=\"zzOoR\"> 2 &#8211; Les anciens adh\u00e9rents n\u2019ayant pas cr\u00e9\u00e9\u00a0leur espace famille et les nouveaux adh\u00e9rents.<\/span><\/p>\n<\/div>\n<div data-hook=\"rcv-block31\"><\/div>\n<div data-breakout=\"normal\">\n<p id=\"viewer-sea201414\" class=\"fxTZ7 fvFfv lRgAI xFml2\" dir=\"auto\"><span class=\"zzOoR\"> Contacter : <a class=\"OfpAK PB45x\" href=\"mailto:espacejeunes@csap.fr\" target=\"_blank\" rel=\"noopener\" data-hook=\"web-link\"><u>espacejeunes@csap.fr<\/u><\/a>\u00a0ou 05 59 33 11 66<\/span><\/p>\n<\/div>\n<div data-hook=\"rcv-block32\"><\/div>\n<div data-breakout=\"normal\">\n<div id=\"viewer-6ovmo\" class=\"fxTZ7 fvFfv lRgAI xFml2\" dir=\"auto\"><span class=\"zzOoR\">\u00a0<\/span><\/div>\n<\/div>\n<div data-hook=\"rcv-block33\"><\/div>\n<div data-breakout=\"normal\">\n<p id=\"viewer-ckbfr\" class=\"fxTZ7 fvFfv lRgAI xFml2\" dir=\"auto\"><span class=\"zzOoR\"><strong><u>Etape 2 &#8211; Envoi \u00e0 l\u2019Espace Jeunes concern\u00e9 ou d\u00e9p\u00f4t des documents obligatoires <\/u><\/strong><\/span><\/p>\n<\/div>\n<div data-hook=\"rcv-block34\"><\/div>\n<div data-breakout=\"normal\">\n<div id=\"viewer-c2oab\" class=\"fxTZ7 fvFfv lRgAI xFml2\" dir=\"auto\"><span class=\"zzOoR\">\u00a0<\/span><\/div>\n<\/div>\n<div data-hook=\"rcv-block35\"><\/div>\n<div data-breakout=\"normal\">\n<ul class=\"T3-vm lRgAI\">\n<li class=\"syYPV\" dir=\"auto\" aria-level=\"1\">\n<p id=\"viewer-251kn363\" class=\"fxTZ7 fvFfv lRgAI xFml2\" dir=\"\"><span class=\"zzOoR\">Fiche de renseignement obligatoire (\u00e0 t\u00e9l\u00e9charger).<\/span><\/p>\n<\/li>\n<\/ul>\n<\/div>\n<\/li>\n<\/ul>\n<\/div>\n<p>[\/vc_column_text][vc_btn title=\u00a0\u00bbFiche renseignement sanitaire espaces jeunes &#8211; 2025 2026&Prime; color=\u00a0\u00bbdanger\u00a0\u00bb i_icon_fontawesome=\u00a0\u00bbfar fa-file-pdf\u00a0\u00bb add_icon=\u00a0\u00bbtrue\u00a0\u00bb link=\u00a0\u00bburl:https%3A%2F%2Fwww.sivosgarlin.fr%2Fwp-content%2Fuploads%2F2025%2F10%2FFiche-renseignement-sanitaire-espaces-jeunes-2025-2026.pdf\u00a0\u00bb][vc_column_text]<\/p>\n<div data-breakout=\"normal\">\n<ul class=\"T3-vm lRgAI\">\n<li class=\"syYPV\" dir=\"auto\" aria-level=\"1\">\n<p id=\"viewer-ckr2q\" class=\"fxTZ7 fvFfv lRgAI xFml2\" dir=\"\"><span class=\"zzOoR\"> Allocataires &#8211; Attestation de quotient familial CAF-MSA \/ attestation ATL CAF ou bon vacances MSA. <\/span><\/p>\n<\/li>\n<li class=\"syYPV\" dir=\"auto\" aria-level=\"1\">\n<p id=\"viewer-7d5hm\" class=\"fxTZ7 fvFfv lRgAI xFml2\" dir=\"\"><span class=\"zzOoR\"> Non allocataires \u2013 le dernier avis d\u2019imposition.<\/span><\/p>\n<\/li>\n<li class=\"syYPV\" dir=\"auto\" aria-level=\"1\">\n<p id=\"viewer-72plq\" class=\"fxTZ7 fvFfv lRgAI xFml2\" dir=\"\"><span class=\"zzOoR\"> Copie du carnet du vaccination ou Attestation du m\u00e9decin indiquant que le jeune est \u00e0 jour des vaccinations obligatoires.<\/span><\/p>\n<\/li>\n<\/ul>\n<\/div>\n<div data-hook=\"rcv-block38\"><\/div>\n<div data-breakout=\"normal\">\n<div id=\"viewer-bs628\" class=\"fxTZ7 fvFfv lRgAI xFml2\" dir=\"auto\"><span class=\"zzOoR\">\u00a0<\/span><\/div>\n<\/div>\n<div data-hook=\"rcv-block39\"><\/div>\n<div data-breakout=\"normal\">\n<p id=\"viewer-25blg\" class=\"fxTZ7 fvFfv lRgAI xFml2\" dir=\"auto\"><span class=\"zzOoR\"> <strong><u>Etape 3 \u2013 Confirmation d\u2019inscription ou positionnement sur liste d\u2019attente envoy\u00e9e par mail par les Espaces Jeunes<\/u><\/strong><\/span><\/p>\n<\/div>\n<div data-hook=\"rcv-block40\"><\/div>\n<div data-breakout=\"normal\">\n<p id=\"viewer-blebg\" class=\"fxTZ7 fvFfv lRgAI xFml2\" dir=\"auto\"><span class=\"zzOoR\">N\u2019h\u00e9sitez pas \u00e0 contacter l&rsquo;Espace Jeunes concern\u00e9 pour tout renseignement (cf. contacts au dos de l\u2019Ajeunda).<\/span><\/p>\n<\/div>\n<p>[\/vc_column_text][vc_single_image image=\u00a0\u00bb7721&Prime; img_size=\u00a0\u00bblarge\u00a0\u00bb][\/vc_column][\/vc_row]<\/p>\n","protected":false},"excerpt":{"rendered":"<p>[vc_row][vc_column][vc_column_text]Tu es adolescent et tu es scolaris\u00e9.e et\/ou tu habites sur le territoire de la CCLB ? Deux dispositifs te sont propos\u00e9s durant les vacances\u00a0: l\u2019Ado Tour (animations itin\u00e9rantes) &amp; les Espaces Jeunes \u00e0 Arzacq-Arraziguet, Garlin &amp; Serres-Castet. Ajeunda[\/vc_column_text][vc_column_text]Programme complet \u00e0 t\u00e9l\u00e9charger ici:[\/vc_column_text][vc_btn title=\u00a0\u00bbAjeunda Automne 2025&Prime; color=\u00a0\u00bbwarning\u00a0\u00bb i_icon_fontawesome=\u00a0\u00bbfar fa-file-pdf\u00a0\u00bb add_icon=\u00a0\u00bbtrue\u00a0\u00bb link=\u00a0\u00bburl:https%3A%2F%2Fwww.sivosgarlin.fr%2Fwp-content%2Fuploads%2F2025%2F10%2Fajeunda_automne25.pdf\u00a0\u00bb][vc_column_text] ADO TOUR &#8211; Animations &#8230;<\/p>\n","protected":false},"author":5,"featured_media":7721,"comment_status":"closed","ping_status":"open","sticky":false,"template":"","format":"standard","meta":{"footnotes":""},"categories":[1],"tags":[],"class_list":["post-7718","post","type-post","status-publish","format-standard","has-post-thumbnail","hentry","category-non-classe"],"post_mailing_queue_ids":[],"_links":{"self":[{"href":"https:\/\/www.sivosgarlin.fr\/index.php\/wp-json\/wp\/v2\/posts\/7718","targetHints":{"allow":["GET"]}}],"collection":[{"href":"https:\/\/www.sivosgarlin.fr\/index.php\/wp-json\/wp\/v2\/posts"}],"about":[{"href":"https:\/\/www.sivosgarlin.fr\/index.php\/wp-json\/wp\/v2\/types\/post"}],"author":[{"embeddable":true,"href":"https:\/\/www.sivosgarlin.fr\/index.php\/wp-json\/wp\/v2\/users\/5"}],"replies":[{"embeddable":true,"href":"https:\/\/www.sivosgarlin.fr\/index.php\/wp-json\/wp\/v2\/comments?post=7718"}],"version-history":[{"count":1,"href":"https:\/\/www.sivosgarlin.fr\/index.php\/wp-json\/wp\/v2\/posts\/7718\/revisions"}],"predecessor-version":[{"id":7722,"href":"https:\/\/www.sivosgarlin.fr\/index.php\/wp-json\/wp\/v2\/posts\/7718\/revisions\/7722"}],"wp:featuredmedia":[{"embeddable":true,"href":"https:\/\/www.sivosgarlin.fr\/index.php\/wp-json\/wp\/v2\/media\/7721"}],"wp:attachment":[{"href":"https:\/\/www.sivosgarlin.fr\/index.php\/wp-json\/wp\/v2\/media?parent=7718"}],"wp:term":[{"taxonomy":"category","embeddable":true,"href":"https:\/\/www.sivosgarlin.fr\/index.php\/wp-json\/wp\/v2\/categories?post=7718"},{"taxonomy":"post_tag","embeddable":true,"href":"https:\/\/www.sivosgarlin.fr\/index.php\/wp-json\/wp\/v2\/tags?post=7718"}],"curies":[{"name":"wp","href":"https:\/\/api.w.org\/{rel}","templated":true}]}}