{"id":7661,"date":"2025-07-31T15:57:33","date_gmt":"2025-07-31T13:57:33","guid":{"rendered":"https:\/\/www.sivosgarlin.fr\/?p=7661"},"modified":"2025-07-31T15:57:33","modified_gmt":"2025-07-31T13:57:33","slug":"rentree-scolaire-2025-2026","status":"publish","type":"post","link":"https:\/\/www.sivosgarlin.fr\/index.php\/2025\/07\/31\/rentree-scolaire-2025-2026\/","title":{"rendered":"Rentr\u00e9e scolaire 2025\/2026"},"content":{"rendered":"<p>[vc_row][vc_column][vc_column_text]Chers parents,<\/p>\n<p>Les inscriptions et r\u00e9servations sur nos services sont ouvertes via votre<a href=\"https:\/\/espacefamille.aiga.fr\/index.html?dossier=1356550#connexion&amp;111552\"> Espace famille I&rsquo;No\u00e9<\/a>\u00a0jusqu&rsquo;au vendredi 12 septembre.<\/p>\n<p>Vous trouverez en pi\u00e8ce jointe une note d&rsquo;information d\u00e9taillant les modalit\u00e9s d&rsquo;accueil et d&rsquo;inscription sur nos services. Les tarifs appliqu\u00e9s sont consultables sur notre site internet.<br \/>\nVous trouverez ci-dessous:<\/p>\n<ul>\n<li>La \u00ab\u00a0Fiche de renseignements 2025\/2026\u00a0\u00bb individuelle \u00e0 compl\u00e9ter, pour toute\u00a0<strong>premi\u00e8re inscription<\/strong>\u00a0sur un de nos services, et \u00e0 retourner au Syndicat avant le vendredi 12 septembre. Des exemplaires papier seront disponibles au si\u00e8ge administratif du Syndicat pour lees personnes n&rsquo;ayant pas la possibilit\u00e9 d&rsquo;imprimer le dossier depuis chez eux.<br \/>\nPour les familles ayant d\u00e9j\u00e0 un compte espace famille, merci de bien vouloir v\u00e9rifier les informations saisies et, le cas \u00e9ch\u00e9ant, mettre \u00e0 jour les donn\u00e9es manquantes ou \u00e9rron\u00e9es concernant votre famille (adresse, N\u00b0 de t\u00e9l\u00e9phone, personnes autoris\u00e9es \u00e0 r\u00e9cup\u00e9rer votre enfant) et votre enfant (Informations sanitaires, autorisations, personnes autoris\u00e9es).<\/li>\n<\/ul>\n<p>[\/vc_column_text][vc_btn title=\u00a0\u00bbFiche de renseignements 2025\/2026&Prime; style=\u00a0\u00bbclassic\u00a0\u00bb color=\u00a0\u00bbjuicy-pink\u00a0\u00bb size=\u00a0\u00bbsm\u00a0\u00bb i_icon_fontawesome=\u00a0\u00bbfar fa-file-pdf\u00a0\u00bb add_icon=\u00a0\u00bbtrue\u00a0\u00bb link=\u00a0\u00bburl:https%3A%2F%2Fwww.sivosgarlin.fr%2Fwp-content%2Fuploads%2F2025%2F07%2FFiche-de-renseignements-2025-26-.pdf\u00a0\u00bb][vc_column_text]<\/p>\n<ul>\n<li>Le r\u00e8glement int\u00e9rieur des services: il convient \u00e0 chaque famille de prendre connaissance des dispositions prises par le Syndicat.<span style=\"color: #ff0000;\">\u00a0<strong>Toute participation de votre enfant aux activit\u00e9s du Syndicat implique l&rsquo;acceptation du pr\u00e9sent r\u00e8glement dans son int\u00e9gralit\u00e9<\/strong><\/span>. Merci de prendre connaissance des sanctions pouvant \u00eatre encourues en cas de manquements au r\u00e8glement.<\/li>\n<\/ul>\n<p>[\/vc_column_text][vc_btn title=\u00a0\u00bbR\u00e8glement int\u00e9rieur des services\u00a0\u00bb style=\u00a0\u00bbclassic\u00a0\u00bb color=\u00a0\u00bbjuicy-pink\u00a0\u00bb size=\u00a0\u00bbsm\u00a0\u00bb i_icon_fontawesome=\u00a0\u00bbfar fa-file-pdf\u00a0\u00bb add_icon=\u00a0\u00bbtrue\u00a0\u00bb link=\u00a0\u00bburl:https%3A%2F%2Fwww.sivosgarlin.fr%2Findex.php%2Fle-syndicat%2Fle-reglement-interieur-des-services%2F|title:Le%20r%C3%A8glement%20int%C3%A9rieur%20des%20services\u00a0\u00bb][vc_column_text]<\/p>\n<ul>\n<li>Une plaquette tutoriel pour vous aider dans la prise en main de l&rsquo;espace famille.<\/li>\n<\/ul>\n<p>[\/vc_column_text][vc_btn title=\u00a0\u00bbPlaquette tutoriel Espace Famille I&rsquo;No\u00e9\u00a0\u00bb style=\u00a0\u00bbclassic\u00a0\u00bb color=\u00a0\u00bbjuicy-pink\u00a0\u00bb size=\u00a0\u00bbsm\u00a0\u00bb i_icon_fontawesome=\u00a0\u00bbfar fa-file-pdf\u00a0\u00bb add_icon=\u00a0\u00bbtrue\u00a0\u00bb link=\u00a0\u00bburl:https%3A%2F%2Fwww.sivosgarlin.fr%2Fwp-content%2Fuploads%2F2025%2F07%2Fplaquette-tutoriel-INoe-scaled.jpg\u00a0\u00bb][vc_column_text]<\/p>\n<ul>\n<li>Un exemplaire vierge de contrat de pr\u00e9l\u00e8vement automatique \u00e0 compl\u00e9ter et \u00e0 retourner au Syndicat accompagn\u00e9 d&rsquo;un RIB pour ceux que le souhaitent.<br \/>\n<span style=\"color: #ff0000;\"><strong>\u00c0 noter que les familles ayant d\u00e9j\u00e0 souscrit au pr\u00e9l\u00e8vement n&rsquo;ont pas besoin de la compl\u00e9ter \u00e0 nouveau.<\/strong><\/span><\/li>\n<\/ul>\n<p>[\/vc_column_text][vc_btn title=\u00a0\u00bbContrat de pr\u00e9l\u00e8vement automatique\u00a0\u00bb style=\u00a0\u00bbclassic\u00a0\u00bb color=\u00a0\u00bbjuicy-pink\u00a0\u00bb size=\u00a0\u00bbsm\u00a0\u00bb i_icon_fontawesome=\u00a0\u00bbfar fa-file-pdf\u00a0\u00bb add_icon=\u00a0\u00bbtrue\u00a0\u00bb link=\u00a0\u00bburl:https%3A%2F%2Fwww.sivosgarlin.fr%2Fwp-content%2Fuploads%2F2025%2F07%2FContrat-de-prelevement-automatique.pdf\u00a0\u00bb][vc_column_text]<\/p>\n<ul>\n<li><\/li>\n<\/ul>\n<p>Vous pourrez retrouver toutes les informations de nos diff\u00e9rents services en naviguant sur notre site internet ou via les liens ci-dessous:<\/p>\n<ul>\n<li>Restauration:\u00a0<a href=\"https:\/\/www.sivosgarlin.fr\/index.php\/scolaire\/restauration-scolaire\/\">https:\/\/www.sivosgarlin.fr\/index.php\/scolaire\/restauration-scolaire\/<\/a><\/li>\n<li>P\u00e9riscolaire:\u00a0<a href=\"https:\/\/www.sivosgarlin.fr\/index.php\/periscolaire\/avant-et-apres-lecole\/accueils-periscolaires\/\">https:\/\/www.sivosgarlin.fr\/index.php\/periscolaire\/avant-et-apres-lecole\/accueils-periscolaires\/<\/a><\/li>\n<li>ALSH des mercredis:<a href=\"https:\/\/www.sivosgarlin.fr\/index.php\/periscolaire\/alsh-mercredi\/\">https:\/\/www.sivosgarlin.fr\/index.php\/periscolaire\/alsh-mercredi\/<\/a><\/li>\n<li>Le r\u00e8glement int\u00e9rieur des services:\u00a0<a href=\"https:\/\/www.sivosgarlin.fr\/index.php\/le-syndicat\/le-reglement-interieur-des-services\/\">https:\/\/www.sivosgarlin.fr\/index.php\/le-syndicat\/le-reglement-interieur-des-services\/<\/a><\/li>\n<\/ul>\n<p>Pour tout autre renseignement, n&rsquo;h\u00e9sitez pas \u00e0 nous contacter par mail \u00e0 service.animation@sivosgarlin.fr ou au 05.59.04.78.64.[\/vc_column_text][\/vc_column][\/vc_row]<\/p>\n","protected":false},"excerpt":{"rendered":"<p>[vc_row][vc_column][vc_column_text]Chers parents, Les inscriptions et r\u00e9servations sur nos services sont ouvertes via votre Espace famille I&rsquo;No\u00e9\u00a0jusqu&rsquo;au vendredi 12 septembre. Vous trouverez en pi\u00e8ce jointe une note d&rsquo;information d\u00e9taillant les modalit\u00e9s d&rsquo;accueil et d&rsquo;inscription sur nos services. Les tarifs appliqu\u00e9s sont consultables sur notre site internet. Vous trouverez ci-dessous: La \u00ab\u00a0Fiche de renseignements 2025\/2026\u00a0\u00bb individuelle \u00e0 &#8230;<\/p>\n","protected":false},"author":5,"featured_media":513,"comment_status":"closed","ping_status":"open","sticky":false,"template":"","format":"standard","meta":{"footnotes":""},"categories":[1],"tags":[],"class_list":["post-7661","post","type-post","status-publish","format-standard","has-post-thumbnail","hentry","category-non-classe"],"post_mailing_queue_ids":[],"_links":{"self":[{"href":"https:\/\/www.sivosgarlin.fr\/index.php\/wp-json\/wp\/v2\/posts\/7661","targetHints":{"allow":["GET"]}}],"collection":[{"href":"https:\/\/www.sivosgarlin.fr\/index.php\/wp-json\/wp\/v2\/posts"}],"about":[{"href":"https:\/\/www.sivosgarlin.fr\/index.php\/wp-json\/wp\/v2\/types\/post"}],"author":[{"embeddable":true,"href":"https:\/\/www.sivosgarlin.fr\/index.php\/wp-json\/wp\/v2\/users\/5"}],"replies":[{"embeddable":true,"href":"https:\/\/www.sivosgarlin.fr\/index.php\/wp-json\/wp\/v2\/comments?post=7661"}],"version-history":[{"count":1,"href":"https:\/\/www.sivosgarlin.fr\/index.php\/wp-json\/wp\/v2\/posts\/7661\/revisions"}],"predecessor-version":[{"id":7667,"href":"https:\/\/www.sivosgarlin.fr\/index.php\/wp-json\/wp\/v2\/posts\/7661\/revisions\/7667"}],"wp:featuredmedia":[{"embeddable":true,"href":"https:\/\/www.sivosgarlin.fr\/index.php\/wp-json\/wp\/v2\/media\/513"}],"wp:attachment":[{"href":"https:\/\/www.sivosgarlin.fr\/index.php\/wp-json\/wp\/v2\/media?parent=7661"}],"wp:term":[{"taxonomy":"category","embeddable":true,"href":"https:\/\/www.sivosgarlin.fr\/index.php\/wp-json\/wp\/v2\/categories?post=7661"},{"taxonomy":"post_tag","embeddable":true,"href":"https:\/\/www.sivosgarlin.fr\/index.php\/wp-json\/wp\/v2\/tags?post=7661"}],"curies":[{"name":"wp","href":"https:\/\/api.w.org\/{rel}","templated":true}]}}