{"id":7603,"date":"2025-07-21T09:43:53","date_gmt":"2025-07-21T07:43:53","guid":{"rendered":"https:\/\/www.sivosgarlin.fr\/?p=7603"},"modified":"2025-07-25T12:37:12","modified_gmt":"2025-07-25T10:37:12","slug":"espace-jeunes-sejour-ocean-2025","status":"publish","type":"post","link":"https:\/\/www.sivosgarlin.fr\/index.php\/2025\/07\/21\/espace-jeunes-sejour-ocean-2025\/","title":{"rendered":"Espace jeunes-S\u00e9jour Oc\u00e9an 2025"},"content":{"rendered":"<p>[vc_row][vc_column][vc_column_text]<strong>Bienvenue sur le journal du s\u00e9jour Oc\u00e9an des Espaces Jeunes !\u00a0<\/strong><\/p>\n<p>Par le biais de cet article, vous pourrez suivre les aventures quotidiennes des jeunes participant \u00e0 ce s\u00e9jour de 5 jours et 4 nuits \u00e0 Soustons.<\/p>\n<p>Tous les soirs, Lucie, directrice du s\u00e9jour, postera des photos et un texte synth\u00e9tique des activit\u00e9s auxquelles les jeunes auront pu participer.<\/p>\n<p>Les journ\u00e9es sont s\u00e9par\u00e9es par des onglets. Pour consulter un jour en particulier, cliquez sur l&rsquo;onglet de la journ\u00e9e d\u00e9sir\u00e9e.<\/p>\n<p>Pour toute question, n&rsquo;h\u00e9sitez pas \u00e0 nous contacter au Syndicat des \u00e9coles par mail (<span style=\"color: #0000ff;\">espacejeunes@sivosgarlin.fr<\/span>) ou par t\u00e9l\u00e9phone (<strong>05.59.04.78.64<\/strong>).[\/vc_column_text][vc_empty_space height=\u00a0\u00bb25px\u00a0\u00bb]<div class=\"nicdark_divider    \"><span style=\"background-color:#0086ed;\" class=\"nicdark_radius\"><\/span><\/div>[vc_empty_space height=\u00a0\u00bb25px\u00a0\u00bb][vc_tta_accordion active_section=\u00a0\u00bb2&Prime;][vc_tta_section title=\u00a0\u00bbLundi 21 juillet 2025&Prime; tab_id=\u00a0\u00bb1753083438915-46a46805-415d\u00a0\u00bb][vc_column_text]<\/p>\n<h1><span style=\"font-family: impact, sans-serif; font-size: 24pt; color: #000000;\">Lundi 21 juillet\u00a0\u00a0<\/span><\/h1>\n<p>[\/vc_column_text][vc_empty_space height=\u00a0\u00bb15px\u00a0\u00bb][vc_column_text]Bonjour \u00e0 tous<br \/>\nLe s\u00e9jour commence tranquillement entre d\u00e9couverte du groupe et d\u00e9couverte des joies du camping avec le montage des tentes et installation de notre campement. L&rsquo;exploration du camping en groupe a \u00e9t\u00e9 un petit peu arros\u00e9e par quelques gouttes de pluie. Les jeunes ont profit\u00e9 du city stade, mini tyrolienne et p\u00e9tanque. Maintenant c&rsquo;est le repas. Un petit tour au karaok\u00e9 du camping avant une bonne nuit sous tente \u00e0 bient\u00f4t pour d&rsquo;autres\u00a0aventures.[\/vc_column_text][vc_gallery interval=\u00a0\u00bb3&Prime; images=\u00a0\u00bb7613,7615,7616,7617,7618&Prime; img_size=\u00a0\u00bblarge\u00a0\u00bb][\/vc_tta_section][vc_tta_section title=\u00a0\u00bbMardi 22 juillet 2025&Prime; tab_id=\u00a0\u00bb1753083438926-4359dc9a-21fe\u00a0\u00bb][vc_column_text]<\/p>\n<h1><span style=\"font-family: impact, sans-serif; font-size: 24pt; color: #000000;\">Mardi 22 juillet\u00a0\u00a0<\/span><\/h1>\n<p>[\/vc_column_text][vc_empty_space height=\u00a0\u00bb15px\u00a0\u00bb][vc_column_text]Bonsoir \u00e0 tous<br \/>\nLes jeunes, en pleine forme, ont profit\u00e9 \u00e0 fond de cette belle journ\u00e9e ensoleill\u00e9e. La premi\u00e8re nuit sous tente s&rsquo;est bien pass\u00e9e. Les jeunes apprennent \u00e0 ma\u00eetriser la nuit sous tente et les joies de cette exp\u00e9rience (bruit, dormir \u00e0 m\u00eame le sol&#8230;).<br \/>\nNous avons test\u00e9 la piscine du camping avec les toboggans.<br \/>\nLa session surf a eu lieu \u00e0 Soustons plage de 19h \u00e0 21h. Les jeunes ont bien profit\u00e9 et \u00ab\u00a0kiff\u00e9\u00a0\u00bb ce moment. La preuve en photos.<\/p>\n<p>Maintenant place \u00e0 une bonne nuit de sommeil ![\/vc_column_text][vc_gallery interval=\u00a0\u00bb3&Prime; images=\u00a0\u00bb7620,7621,7622,7623&Prime; img_size=\u00a0\u00bblarge\u00a0\u00bb][\/vc_tta_section][vc_tta_section title=\u00a0\u00bbMercredi 23 juillet 2025&Prime; tab_id=\u00a0\u00bb1753083472177-e43840a2-c349&Prime;][vc_column_text]<\/p>\n<h1><span style=\"font-family: impact, sans-serif; font-size: 24pt; color: #000000;\">Mercredi 23 juillet\u00a0\u00a0<\/span><\/h1>\n<p>[\/vc_column_text][vc_empty_space height=\u00a0\u00bb15px\u00a0\u00bb][vc_column_text]Bonsoir \u00e0 tous<br \/>\nR\u00e9veil pluvieux mais pas tr\u00e8s joyeux. Mais quand la solidarit\u00e9 entre campeurs existe, une colonie voisine venue de Montpellier avec barnum et table nous propose de partager leur abri. \u00c7a r\u00e9chauffe le c\u0153ur.<br \/>\nObligation de trouver une solution de protection. Ce sera une tonnelle trouv\u00e9e dans un magasin de Soustons. Pour construire cette tonnelle nous avons eu droit \u00e0 un nouveau moment de solidarit\u00e9 au sein de notre groupe. Tout le monde a particip\u00e9 \u00e0 son \u00e9chelle. On commence \u00e0 4 on finit \u00e0 20. La fiert\u00e9 des jeunes une fois le montage termin\u00e9.<br \/>\nEst-ce que vous me croyez si je vous dis que le soleil commence \u00e0 pointer son nez ?!<br \/>\nApr\u00e8s-midi relax entre film propos\u00e9 par le camping et bracelets br\u00e9siliens en musique pour s&rsquo;occuper. Ce soir spectacle de magie organis\u00e9 par le camping. Bonne nuit \u00e0 tous et \u00e0 demain ![\/vc_column_text][vc_gallery interval=\u00a0\u00bb3&Prime; images=\u00a0\u00bb7626,7627,7628,7629,7630&Prime; img_size=\u00a0\u00bblarge\u00a0\u00bb][\/vc_tta_section][vc_tta_section title=\u00a0\u00bbJeudi 24 juillet 2025&Prime; tab_id=\u00a0\u00bb1753083485097-753175fa-8339&Prime;][vc_column_text]<\/p>\n<h1><span style=\"font-family: impact, sans-serif; font-size: 24pt; color: #000000;\">Jeudi 24 juillet\u00a0\u00a0<\/span><\/h1>\n<p>[\/vc_column_text][vc_empty_space height=\u00a0\u00bb15px\u00a0\u00bb][vc_column_text]Bonsoir \u00e0 tous<br \/>\nEncore une nuit pluvieuse, mais des jeunes rod\u00e9s aux conditions climatiques difficiles! R\u00e9veil en douceur sans pluie. Enfin c&rsquo;est vite dit. Encore une averse&#8230; Puis une \u00e9claircie donc petite vir\u00e9e au city stade pour un d\u00e9bat mouvant tous ensemble et ensuite atelier pr\u00e9paration du repas ou foot franco espagnol hollandais avec des enfants du camping. Pique nique prit, la pluie se remet \u00e0 tomber \u00e0 quelques minutes du d\u00e9part pour le paddle. Baskets au pied et sac \u00e0 dos direction le paddle sous un grand soleil.<br \/>\nOn a bien ram\u00e9&#8230; le retour au camping s&rsquo;effectue sous un soleil qui fait plaisir !<br \/>\nCe soir nous avons f\u00eat\u00e9 dignement la derni\u00e8re veill\u00e9e avec tomate\/mozza, pilons de poulet et haricots verts et en dessert fondue au chocolat. Quel r\u00e9gal! La soir\u00e9e s&rsquo;est finie avec un loup garou ensemble dans une ambiance clair obscur. Bonne soir\u00e9e \u00e0 tous. Youpi on va enfin retrouver notre lit !!![\/vc_column_text][vc_gallery interval=\u00a0\u00bb3&Prime; images=\u00a0\u00bb7631,7632,7633,7634,7635,7636,7637,7638&Prime; img_size=\u00a0\u00bblarge\u00a0\u00bb][\/vc_tta_section][vc_tta_section title=\u00a0\u00bbVendredi 25 juillet 2025&Prime; tab_id=\u00a0\u00bb1753083497749-c060e590-a18e\u00a0\u00bb][vc_column_text]<\/p>\n<h1><span style=\"font-family: impact, sans-serif; font-size: 24pt; color: #000000;\">Vendredi 25 juillet\u00a0\u00a0<\/span><\/h1>\n<p>[\/vc_column_text][vc_empty_space height=\u00a0\u00bb15px\u00a0\u00bb][vc_column_text]<em>\u00c0 venir&#8230;<\/em>[\/vc_column_text][\/vc_tta_section][\/vc_tta_accordion][\/vc_column][\/vc_row]<\/p>\n","protected":false},"excerpt":{"rendered":"<p>[vc_row][vc_column][vc_column_text]Bienvenue sur le journal du s\u00e9jour Oc\u00e9an des Espaces Jeunes !\u00a0 Par le biais de cet article, vous pourrez suivre les aventures quotidiennes des jeunes participant \u00e0 ce s\u00e9jour de 5 jours et 4 nuits \u00e0 Soustons. Tous les soirs, Lucie, directrice du s\u00e9jour, postera des photos et un texte synth\u00e9tique des activit\u00e9s auxquelles les &#8230;<\/p>\n","protected":false},"author":5,"featured_media":5132,"comment_status":"closed","ping_status":"open","sticky":false,"template":"","format":"standard","meta":{"footnotes":""},"categories":[1],"tags":[],"class_list":["post-7603","post","type-post","status-publish","format-standard","has-post-thumbnail","hentry","category-non-classe"],"post_mailing_queue_ids":[],"_links":{"self":[{"href":"https:\/\/www.sivosgarlin.fr\/index.php\/wp-json\/wp\/v2\/posts\/7603","targetHints":{"allow":["GET"]}}],"collection":[{"href":"https:\/\/www.sivosgarlin.fr\/index.php\/wp-json\/wp\/v2\/posts"}],"about":[{"href":"https:\/\/www.sivosgarlin.fr\/index.php\/wp-json\/wp\/v2\/types\/post"}],"author":[{"embeddable":true,"href":"https:\/\/www.sivosgarlin.fr\/index.php\/wp-json\/wp\/v2\/users\/5"}],"replies":[{"embeddable":true,"href":"https:\/\/www.sivosgarlin.fr\/index.php\/wp-json\/wp\/v2\/comments?post=7603"}],"version-history":[{"count":6,"href":"https:\/\/www.sivosgarlin.fr\/index.php\/wp-json\/wp\/v2\/posts\/7603\/revisions"}],"predecessor-version":[{"id":7639,"href":"https:\/\/www.sivosgarlin.fr\/index.php\/wp-json\/wp\/v2\/posts\/7603\/revisions\/7639"}],"wp:featuredmedia":[{"embeddable":true,"href":"https:\/\/www.sivosgarlin.fr\/index.php\/wp-json\/wp\/v2\/media\/5132"}],"wp:attachment":[{"href":"https:\/\/www.sivosgarlin.fr\/index.php\/wp-json\/wp\/v2\/media?parent=7603"}],"wp:term":[{"taxonomy":"category","embeddable":true,"href":"https:\/\/www.sivosgarlin.fr\/index.php\/wp-json\/wp\/v2\/categories?post=7603"},{"taxonomy":"post_tag","embeddable":true,"href":"https:\/\/www.sivosgarlin.fr\/index.php\/wp-json\/wp\/v2\/tags?post=7603"}],"curies":[{"name":"wp","href":"https:\/\/api.w.org\/{rel}","templated":true}]}}