{"id":7577,"date":"2025-06-13T15:40:40","date_gmt":"2025-06-13T13:40:40","guid":{"rendered":"https:\/\/www.sivosgarlin.fr\/?p=7577"},"modified":"2025-06-13T15:47:55","modified_gmt":"2025-06-13T13:47:55","slug":"accueil-de-loisirs-ete-2025","status":"publish","type":"post","link":"https:\/\/www.sivosgarlin.fr\/index.php\/2025\/06\/13\/accueil-de-loisirs-ete-2025\/","title":{"rendered":"Accueil de loisirs &#8211; \u00c9t\u00e9 2025"},"content":{"rendered":"<p>[vc_row][vc_column][vc_column_text]L\u2019accueil de loisirs ouvrira ses portes <strong>du lundi 7 juillet au jeudi 14 ao\u00fbt 2025.<\/strong> L\u2019accueil des enfants se fera dans les locaux des \u00e9coles \u00e9l\u00e9mentaire et maternelle de Diusse de 7h30 \u00e0 18h30.<\/p>\n<p>L\u2019accueil du matin se fera\u00a0<span style=\"text-decoration: underline;\"><strong>uniquement<\/strong><\/span> \u00e0 l&rsquo;\u00e9cole \u00e9l\u00e9mentaire de 7h30 \u00e0 9h30, et celui du soir \u00e0 partir de 17h00 jusqu\u2019\u00e0 18h30.<\/p>\n<p>Les enfants seront r\u00e9partis pour les activit\u00e9s (9h30-12h\/13h30-17h) en deux groupes distincts sur deux lieux diff\u00e9rents :<\/p>\n<ul>\n<li><strong><em>3-5 ans:<\/em><\/strong><em> \u00e9cole maternelle<\/em><\/li>\n<li><strong><em>6-12 ans:\u00a0<\/em><\/strong><em>\u00e9cole \u00e9l\u00e9mentaire<\/em><\/li>\n<\/ul>\n<p>Le th\u00e8mes\u00a0 abord\u00e9s\u00a0 par les enfants ces vacances :<\/p>\n<ul>\n<li><span style=\"color: #cc99ff;\"><strong><em><span style=\"color: #000000;\"><span style=\"text-decoration: underline;\">Du 7 au 11 juillet<\/span> : Pixar party\u00a0<\/span><\/em><\/strong><\/span><\/li>\n<li><span style=\"color: #cc99ff;\"><strong><em><span style=\"color: #000000;\"><span style=\"text-decoration: underline;\">Du 14 au 18 juillet<\/span>: Croisi\u00e8re autour du monde<\/span><\/em><\/strong><\/span><\/li>\n<li><span style=\"color: #000000;\"><em><span style=\"text-decoration: underline;\"><strong>Du 21 au 25 juillet:\u00a0<\/strong><\/span><strong> Vacances en mode local<\/strong><\/em><\/span><\/li>\n<li><span style=\"color: #000000;\"><em><span style=\"text-decoration: underline;\"><strong>Du 28 juillet au 01 ao\u00fbt:<\/strong><\/span><strong> Les minis chefs<\/strong><\/em><\/span><\/li>\n<li><span style=\"color: #000000;\"><em><span style=\"text-decoration: underline;\"><strong>Du 4 au 8 ao\u00fbt:<\/strong><\/span><strong> La ligue des petits h\u00e9ros\/ L&rsquo;acad\u00e9mie des super h\u00e9ros<\/strong><\/em><\/span><\/li>\n<li><span style=\"color: #000000;\"><em><span style=\"text-decoration: underline;\"><strong>Du 11 au 14 ao\u00fbt:<\/strong><\/span><strong> Sur les routes des plages<\/strong><\/em><\/span><\/li>\n<\/ul>\n<p>Pensez \u00e0 pr\u00e9voir pour votre enfant :<\/p>\n<ul>\n<li>Une gourde avec le pr\u00e9nom marqu\u00e9 dessus<\/li>\n<li>Un change (si n\u00e9cessaire)<\/li>\n<li>Casquette<\/li>\n<\/ul>\n<p>[\/vc_column_text][vc_empty_space][vc_tta_accordion][vc_tta_section title=\u00a0\u00bbInscriptions\u00a0\u00bb tab_id=\u00a0\u00bb1749819913105-9a96b75b-978b\u00a0\u00bb][vc_column_text]Les inscriptions \u00e0 l\u2019accueil de loisirs de cet \u00e9t\u00e9, qui se d\u00e9roulera \u00e0 Diusse du 7 juillet au 14 ao\u00fbt, ouvriront d\u00e8s le lundi 16 juin.<br \/>\n\u00c0 ce titre, les \u00e9lus ont r\u00e9cemment d\u00e9lib\u00e9r\u00e9 (N\u00b02025-C5) de nouvelles modalit\u00e9s d\u2019inscriptions.<\/p>\n<p>&nbsp;<\/p>\n<p>Elles se d\u00e9rouleront d\u00e9sormais en deux parties :<\/p>\n<p>1. Premi\u00e8re partie\u00a0(du 16 au 18 juin)\u00a0: ouverte aux familles avec enfants scolaris\u00e9s sur les \u00e9coles du Syndicat ou r\u00e9sidants sur les communes du Syndicat ainsi qu\u2019aux agents du Syndicat.<\/p>\n<ul>\n<li>P\u00e9riode de \u201cpr\u00e9-inscription\u201d sur I\u2019No\u00e9<\/li>\n<li>S\u00e9lection selon crit\u00e8res : fratrie, fr\u00e9quentation r\u00e9guli\u00e8re, journ\u00e9e compl\u00e8te*<\/li>\n<li>Confirmation aux familles des inscriptions<\/li>\n<li>La famille valide la confirmation ou annule son inscription<\/li>\n<li>Pas de possibilit\u00e9 de choisir \u00e0 la carte les jours apr\u00e8s la confirmation faite par le Syndicat* Le crit\u00e8re journ\u00e9e compl\u00e8te sera pris en compte uniquement pour l\u2019extrascolaire. Pour le mercredi, c\u2019est \u00e0 dire sur le temps p\u00e9riscolaire, l\u2019inscription \u00e0 la demi-journ\u00e9e sera possible mais sans le repas.<\/li>\n<\/ul>\n<p>&nbsp;<\/p>\n<p>2. Deuxi\u00e8me partie\u00a0(du 23 au 27 juin)\u00a0: ouverte \u00e0 toutes les familles y compris ext\u00e9rieures au territoire du Syndicat selon les places disponibles.<\/p>\n<ul>\n<li>Nouvelle p\u00e9riode d\u2019inscription<\/li>\n<li>Validation instantan\u00e9ment sur I\u2019No\u00e9 en fonction des places restantes (selon l\u2019ordre d\u2019arriv\u00e9e des inscriptions)<\/li>\n<li>Pas de possibilit\u00e9 de modifier \u00e0 la carte les jours apr\u00e8s validation de l\u2019inscription<\/li>\n<\/ul>\n<p>Toute modification d\u2019inscription ou absence n\u00e9cessitera la pr\u00e9sentation d\u2019un justificatif m\u00e9dical. <span style=\"text-decoration: underline;\"><span style=\"color: #ff0000; text-decoration: underline;\">Sans justificatif, les r\u00e9servations seront factur\u00e9es.<\/span><\/span>[\/vc_column_text][\/vc_tta_section][vc_tta_section title=\u00a0\u00bbProgramme d&rsquo;animation\u00a0\u00bb tab_id=\u00a0\u00bb1749819913116-b4a92433-e4fd\u00a0\u00bb][vc_gallery interval=\u00a0\u00bb15&Prime; images=\u00a0\u00bb7587,7584,7589,7586,7585,7588&Prime; img_size=\u00a0\u00bblarge\u00a0\u00bb][\/vc_tta_section][vc_tta_section title=\u00a0\u00bbTarifs\u00a0\u00bb tab_id=\u00a0\u00bb1749820138816-b3bd7b5a-caa2&Prime;][vc_column_text]Compte tenu de l\u2019augmentation des charges de fonctionnement depuis la derni\u00e8re \u00e9volution tarifaire (D\u00e9lib\u00e9ration N\u00b02024-C3), les tarifs ont \u00e9t\u00e9 r\u00e9vis\u00e9s et les tranches de quotient familial ont \u00e9t\u00e9 \u00e9largies[\/vc_column_text][vc_column_text]Tarifs d&rsquo;accueil[\/vc_column_text][vc_single_image image=\u00a0\u00bb7553&Prime; img_size=\u00a0\u00bblarge\u00a0\u00bb][vc_column_text]Tarifs des repas[\/vc_column_text][vc_single_image image=\u00a0\u00bb6619&Prime; img_size=\u00a0\u00bblarge\u00a0\u00bb][vc_empty_space][vc_column_text]<span style=\"color: #ff0000;\">\u26a0<strong> En cas d\u2019absence injustifi\u00e9e de votre enfant, les services seront factur\u00e9s au tarif en vigueur \u26a0<br \/>\n<\/strong><\/span>[\/vc_column_text][\/vc_tta_section][\/vc_tta_accordion][vc_empty_space][vc_column_text]Le Syndicat a mis \u00e0 jour le r\u00e8glement int\u00e9rieur de ses services.<\/p>\n<p>Il est important d&rsquo;en prendre connaissance et de noter que toute participation de votre(vos) enfant(s) aux activit\u00e9s du Syndicat implique <strong><span style=\"text-decoration: underline;\">l&rsquo;acceptation<\/span><\/strong> du pr\u00e9sent r\u00e8glement.<\/p>\n<p>Vous pouvez le consulter en cliquant sur le bouton ci-dessous.[\/vc_column_text][vc_btn title=\u00a0\u00bbR\u00e8glement int\u00e9rieur des services\u00a0\u00bb style=\u00a0\u00bbclassic\u00a0\u00bb color=\u00a0\u00bbdanger\u00a0\u00bb size=\u00a0\u00bbsm\u00a0\u00bb i_icon_fontawesome=\u00a0\u00bb\u00a0\u00bb add_icon=\u00a0\u00bbtrue\u00a0\u00bb link=\u00a0\u00bburl:https%3A%2F%2Fwww.sivosgarlin.fr%2Findex.php%2Fle-syndicat%2Fle-reglement-interieur-des-services\u00a0\u00bb][vc_column_text]Pour tout compl\u00e9ment d&rsquo;information, n&rsquo;h\u00e9sitez pas \u00e0 nous contacter par mail \u00e0 service.animation@sivosgarlin.fr ou au t\u00e9l\u00e9phone au 05.59.04.78.64 ou au 06.75.40.82.73[\/vc_column_text][\/vc_column][\/vc_row]<\/p>\n","protected":false},"excerpt":{"rendered":"<p>[vc_row][vc_column][vc_column_text]L\u2019accueil de loisirs ouvrira ses portes du lundi 7 juillet au jeudi 14 ao\u00fbt 2025. L\u2019accueil des enfants se fera dans les locaux des \u00e9coles \u00e9l\u00e9mentaire et maternelle de Diusse de 7h30 \u00e0 18h30. L\u2019accueil du matin se fera\u00a0uniquement \u00e0 l&rsquo;\u00e9cole \u00e9l\u00e9mentaire de 7h30 \u00e0 9h30, et celui du soir \u00e0 partir de 17h00 jusqu\u2019\u00e0 &#8230;<\/p>\n","protected":false},"author":5,"featured_media":7593,"comment_status":"closed","ping_status":"open","sticky":false,"template":"","format":"standard","meta":{"footnotes":""},"categories":[1],"tags":[],"class_list":["post-7577","post","type-post","status-publish","format-standard","has-post-thumbnail","hentry","category-non-classe"],"post_mailing_queue_ids":[],"_links":{"self":[{"href":"https:\/\/www.sivosgarlin.fr\/index.php\/wp-json\/wp\/v2\/posts\/7577","targetHints":{"allow":["GET"]}}],"collection":[{"href":"https:\/\/www.sivosgarlin.fr\/index.php\/wp-json\/wp\/v2\/posts"}],"about":[{"href":"https:\/\/www.sivosgarlin.fr\/index.php\/wp-json\/wp\/v2\/types\/post"}],"author":[{"embeddable":true,"href":"https:\/\/www.sivosgarlin.fr\/index.php\/wp-json\/wp\/v2\/users\/5"}],"replies":[{"embeddable":true,"href":"https:\/\/www.sivosgarlin.fr\/index.php\/wp-json\/wp\/v2\/comments?post=7577"}],"version-history":[{"count":5,"href":"https:\/\/www.sivosgarlin.fr\/index.php\/wp-json\/wp\/v2\/posts\/7577\/revisions"}],"predecessor-version":[{"id":7592,"href":"https:\/\/www.sivosgarlin.fr\/index.php\/wp-json\/wp\/v2\/posts\/7577\/revisions\/7592"}],"wp:featuredmedia":[{"embeddable":true,"href":"https:\/\/www.sivosgarlin.fr\/index.php\/wp-json\/wp\/v2\/media\/7593"}],"wp:attachment":[{"href":"https:\/\/www.sivosgarlin.fr\/index.php\/wp-json\/wp\/v2\/media?parent=7577"}],"wp:term":[{"taxonomy":"category","embeddable":true,"href":"https:\/\/www.sivosgarlin.fr\/index.php\/wp-json\/wp\/v2\/categories?post=7577"},{"taxonomy":"post_tag","embeddable":true,"href":"https:\/\/www.sivosgarlin.fr\/index.php\/wp-json\/wp\/v2\/tags?post=7577"}],"curies":[{"name":"wp","href":"https:\/\/api.w.org\/{rel}","templated":true}]}}