{"id":7449,"date":"2026-04-21T16:56:11","date_gmt":"2026-04-21T14:56:11","guid":{"rendered":"https:\/\/www.sivosgarlin.fr\/?p=7449"},"modified":"2026-04-21T16:56:11","modified_gmt":"2026-04-21T14:56:11","slug":"periscolaire-espace-jeunes-avril-mai-2026","status":"publish","type":"post","link":"https:\/\/www.sivosgarlin.fr\/index.php\/2026\/04\/21\/periscolaire-espace-jeunes-avril-mai-2026\/","title":{"rendered":"P\u00e9riscolaire Espace Jeunes- Avril\/ Mai 2026"},"content":{"rendered":"<p>[vc_row][vc_column][vc_tta_accordion][vc_tta_section title=\u00a0\u00bbProgramme d&rsquo;animation\u00a0\u00bb tab_id=\u00a0\u00bb1767967509265-6691557e-7af8&Prime;][vc_column_text]\u00c0 chaque p\u00e9riode scolaire, un programme d&rsquo;animation sera diffus\u00e9 et consultable \u00e0 l&rsquo;espace jeunes et dans le fil d&rsquo;actualit\u00e9 du site internet.<\/p>\n<p>Tous les soirs, les jeunes auront l&rsquo;occasion de participer \u00e0 des activit\u00e9s ludiques vari\u00e9es: jeux de soci\u00e9t\u00e9, jeux vid\u00e9o, activit\u00e9s manuelles, etc.<\/p>\n<p>Les mercredis seront aussi l&rsquo;occasion de proposer des activit\u00e9s et sorties plus importantes \u00e0 l&rsquo;ext\u00e9rieur.[\/vc_column_text][vc_empty_space][vc_column_text]Pour le Mercredi 22 Avril merci de pr\u00e9voir bottes ou tennis pour aller au bord de l&rsquo;eau, casquette et gourde. La sortie aura lieu de 14h \u00e0 16h. Les jeunes (UNSS, th\u00e9\u00e2tre) pourront \u00eatre accueillis \u00e0 partir de 16h \u00e0 l&rsquo;espace jeunes.<\/p>\n<p>Petit d\u00e9fi : cr\u00e9er votre tag urbain\/ nudges pour d\u00e9corer les plaques d&rsquo;\u00e9gout<\/p>\n<p><strong>informations \u00e0 respecter<\/strong> : message \u00e9crit en 5 mots maximum ou motif simple \u00e0 envoyer sur <a href=\"mailto:espacejeunes@sivosgarlin.fr\">espacejeunes@sivosgarlin.fr<\/a> avant le lundi 27 Avril 12h<\/p>\n<p>&nbsp;<\/p>\n<p>Les inscriptions pour l&rsquo;activit\u00e9 du Mercedi 13 Mai (laser game) devra \u00eatre faite <strong>avant le Vendredi 8 Mai 18h.<\/strong> Le nombre de places \u00e9tant limit\u00e9, tout le monde ne pourra pas participer.<\/p>\n<p>[\/vc_column_text][vc_empty_space][vc_single_image image=\u00a0\u00bb7879&Prime; title=\u00a0\u00bbProgramme des mercredis Avril\/ Mai\u00a0\u00bb][vc_empty_space][\/vc_tta_section][vc_tta_section title=\u00a0\u00bbAdh\u00e9sion \u00e0 l&rsquo;espace jeunes\u00a0\u00bb tab_id=\u00a0\u00bb1767967509274-783679f1-83c8&Prime;][vc_column_text]Pour cette ann\u00e9e scolaire 2025\/2026, le Syndicat des \u00e9coles de la r\u00e9gion de Garlin ouvrira son espace jeunes tous les soirs de 16h \u00e0 18h30 dans ses locaux situ\u00e9s \u00e0 deux pas du coll\u00e8ge au 3, Place de la libert\u00e9. Les jeunes seront aussi accueillis les mercredis de 12h30 \u00e0 18h30 avec accueil au r\u00e9fectoire du coll\u00e8ge pour prendre le repas ensemble (pique-nique ou restaurant scolaire).<\/p>\n<p><strong>Pour les mercredis, merci de pr\u00e9ciser si votre enfant mangera \u00e0 la cantine ou un pique- nique via la r\u00e9servation sur l&rsquo;espace famille sur Ino\u00e9.\u00a0<\/strong><strong>Au del\u00e0 du Mardi 18h, vous devrez fournir un pique- nique \u00e0 votre enfant.\u00a0<\/strong><\/p>\n<p>L&rsquo;espace jeunes est encadr\u00e9 par une animatrice qualifi\u00e9e, Lucie CASENAVE.<\/p>\n<p>L\u2019acc\u00e8s au local et aux activit\u00e9s propos\u00e9es\u00a0<strong>sera strictement r\u00e9serv\u00e9 aux adh\u00e9rents<\/strong>.<strong><u><br \/>\n<\/u><\/strong><\/p>\n<p>Votre enfant aura la possibilit\u00e9 de venir faire un essai un soir ou un mercredi, avant de prendre la d\u00e9cision d&rsquo;adh\u00e9rer \u00e0 l&rsquo;Espace Jeunes.<\/p>\n<ul>\n<li><span style=\"font-size: 14pt; color: #ff9900;\"><strong>Comment adh\u00e9rer ?\u00a0<\/strong><\/span><\/li>\n<\/ul>\n<p>Le formulaire d&rsquo;adh\u00e9sion est t\u00e9l\u00e9chargeable ci-dessous.[\/vc_column_text][vc_btn title=\u00a0\u00bbfiche sanitaire 2025-2026&Prime; style=\u00a0\u00bbclassic\u00a0\u00bb link=\u00a0\u00bburl:https%3A%2F%2Fwww.sivosgarlin.fr%2Findex.php%2F2025%2F10%2F03%2Fespace-jeunes-automne-2025%2F|title:fiche%20sanitaire%202025-2026&Prime;][vc_column_text]Il sera \u00e0 compl\u00e9ter et \u00e0 retourner au Syndicat des \u00e9coles\u00a0<strong>dans les meilleurs d\u00e9lais.<\/strong><\/p>\n<p>Afin que l&rsquo;inscription soit valid\u00e9e, il faudra nous fournir les documents suivants:<\/p>\n<ul>\n<li>Photocopie du carnet de vaccination<\/li>\n<li>Attestation de quotient familial CAF 2025 ou votre avis d&rsquo;imp\u00f4t 2025 sur les revenus 2024<\/li>\n<li>Une photo d\u2019identit\u00e9 pour la carte d\u2019adh\u00e9sion<\/li>\n<li>Pass nautique (obligatoire pour les activit\u00e9s aquatiques)<\/li>\n<li>PAI : merci de transmettre les documents et m\u00e9dicaments dans une trousse ferm\u00e9e \u00e0 la responsable de l&rsquo;espace jeunes.<\/li>\n<\/ul>\n<p><span style=\"text-decoration: underline;\"><strong>Tout dossier incomplet ne pourra \u00eatre trait\u00e9.<\/strong><\/span><\/p>\n<p>L&rsquo;adh\u00e9sion est fix\u00e9e \u00e0\u00a0<strong>15\u20ac<\/strong>\u00a0<span style=\"text-decoration: underline;\">pour toute l&rsquo;ann\u00e9e scolaire<\/span>. Elle vous sera activ\u00e9e via I&rsquo;No\u00e9 \u00e0 partir de la deuxi\u00e8me venue \u00e0 l&rsquo;espace jeunes. Elle sera\u00a0<strong>\u00e0 r\u00e9gler au Centre de gestion des finances publiques de Lescar<\/strong> \u00e0 r\u00e9ception de l&rsquo;avis des sommes \u00e0 payer par voie postale.<\/p>\n<p>Les jeunes ont la possibilit\u00e9 de prendre le go\u00fbter pour 1 euro qui sera factur\u00e9. La facture sera \u00e0 r\u00e9gler \u00e0 la tr\u00e9sorerie de Lescar.[\/vc_column_text][vc_column_text]<span style=\"color: #ff0000;\"><strong><u>Le Syndicat des \u00c9coles de la R\u00e9gion de Garlin ne prendra aucune responsabilit\u00e9 en dehors de ses locaux et des horaires d\u2019ouverture de l\u2019Espace Jeunes<\/u><\/strong>.<\/span><\/p>\n<ul>\n<li><strong><span style=\"font-size: 14pt; color: #ff9900;\">R\u00e9servations<\/span><\/strong><\/li>\n<\/ul>\n<p><em><strong>Accueil du soir (16h-18h30):\u00a0<\/strong>Lors de sa venue au local, votre enfant a la possibilit\u00e9 de prendre un<strong>\u00a0go\u00fbter propos\u00e9 et pr\u00e9par\u00e9 par l&rsquo;espace jeunes\u00a0<span style=\"text-decoration: underline;\">avec une r\u00e9servation pr\u00e9alable<\/span>.\u00a0<\/strong><\/em><em>Le nombre de place est limit\u00e9e \u00e0 18 jeunes pour l&rsquo;accueil du soir.\u00a0 Tout jeune inscrit sera prioritaire par rapport \u00e0 un jeune non inscrit (sous r\u00e9serve de places disponibles.)\u00a0<\/em><\/p>\n<p><strong>Mercredis (12h30-18h30):\u00a0<\/strong>L&rsquo;accueil des mercredis est limit\u00e9 \u00e0 12 jeunes. Certaines activit\u00e9s et sorties ext\u00e9rieures pourront \u00eatre limit\u00e9es \u00e0 8 jeunes. Les inscriptions devront imp\u00e9rativement se faire depuis votre\u00a0<a href=\"https:\/\/espacefamille.aiga.fr\/index.html?dossier=1356550#connexion&amp;154042\">Espace Famille I&rsquo;No\u00e9 .<\/a>\u00a0En cas de probl\u00e8me\u00a0 mail, je reste joignable par mail\u00a0<a href=\"mailto:espacejeunes@sivosgarlin.fr\"><span style=\"text-decoration: underline;\">espacejeunes@sivosgarlin.fr<\/span>\u00a0<\/a>ou par t\u00e9l\u00e9phone 07 88 66 60 64. Les inscriptions pour le mercredi seront ouvertes jusqu&rsquo;au mardi 18h pr\u00e9c\u00e9dent la journ\u00e9e d&rsquo;accueil.<br \/>\nPar principe d&rsquo;\u00e9quit\u00e9, un jeune ayant particip\u00e9 \u00e0 une sortie\u00a0<span style=\"text-decoration: underline;\">ne sera pas prioritaire<\/span>\u00a0la fois suivante.<\/p>\n<p>Toute demande ou information (retard, annulation, autorisation de sortie,&#8230;) devra \u00eatre communiqu\u00e9e par mail \u00e0\u00a0<a href=\"mailto:espacejeunes@sivosgarlin.fr\">espacejeunes@sivosgarlin.fr<\/a>.\u00a0<strong>Pour tout changement de derni\u00e8re minute pendant l&rsquo;accueil du soir, merci de<span style=\"text-decoration: underline;\">\u00a0contacter directement la responsable sur le t\u00e9l\u00e9phone de l&rsquo;espace jeunes (07.88.66.60.64)<\/span>.<\/strong><\/p>\n<p><span style=\"text-decoration: underline;\">Toute information transmise \u00e0 votre enfant via son t\u00e9l\u00e9phone ne sera pas prise en compte.<\/span>[\/vc_column_text][\/vc_tta_section][\/vc_tta_accordion][vc_column_text]Pour tout renseignement, n\u2019h\u00e9sitez pas \u00e0 nous contacter par mail \u00e0\u00a0<a href=\"mailto:service.animation@sivosgarlin.fr\">espacejeunes@sivosgarlin.fr<\/a>\u00a0ou par t\u00e9l\u00e9phone au 05.59.04.78.64 ou 07.88.66.60.64.[\/vc_column_text][\/vc_column][\/vc_row]<\/p>\n","protected":false},"excerpt":{"rendered":"<p>[vc_row][vc_column][vc_tta_accordion][vc_tta_section title=\u00a0\u00bbProgramme d&rsquo;animation\u00a0\u00bb tab_id=\u00a0\u00bb1767967509265-6691557e-7af8&Prime;][vc_column_text]\u00c0 chaque p\u00e9riode scolaire, un programme d&rsquo;animation sera diffus\u00e9 et consultable \u00e0 l&rsquo;espace jeunes et dans le fil d&rsquo;actualit\u00e9 du site internet. Tous les soirs, les jeunes auront l&rsquo;occasion de participer \u00e0 des activit\u00e9s ludiques vari\u00e9es: jeux de soci\u00e9t\u00e9, jeux vid\u00e9o, activit\u00e9s manuelles, etc. Les mercredis seront aussi l&rsquo;occasion de proposer des &#8230;<\/p>\n","protected":false},"author":5,"featured_media":6373,"comment_status":"closed","ping_status":"open","sticky":false,"template":"","format":"standard","meta":{"footnotes":""},"categories":[1],"tags":[],"class_list":["post-7449","post","type-post","status-publish","format-standard","has-post-thumbnail","hentry","category-non-classe"],"post_mailing_queue_ids":[],"_links":{"self":[{"href":"https:\/\/www.sivosgarlin.fr\/index.php\/wp-json\/wp\/v2\/posts\/7449","targetHints":{"allow":["GET"]}}],"collection":[{"href":"https:\/\/www.sivosgarlin.fr\/index.php\/wp-json\/wp\/v2\/posts"}],"about":[{"href":"https:\/\/www.sivosgarlin.fr\/index.php\/wp-json\/wp\/v2\/types\/post"}],"author":[{"embeddable":true,"href":"https:\/\/www.sivosgarlin.fr\/index.php\/wp-json\/wp\/v2\/users\/5"}],"replies":[{"embeddable":true,"href":"https:\/\/www.sivosgarlin.fr\/index.php\/wp-json\/wp\/v2\/comments?post=7449"}],"version-history":[{"count":5,"href":"https:\/\/www.sivosgarlin.fr\/index.php\/wp-json\/wp\/v2\/posts\/7449\/revisions"}],"predecessor-version":[{"id":7884,"href":"https:\/\/www.sivosgarlin.fr\/index.php\/wp-json\/wp\/v2\/posts\/7449\/revisions\/7884"}],"wp:featuredmedia":[{"embeddable":true,"href":"https:\/\/www.sivosgarlin.fr\/index.php\/wp-json\/wp\/v2\/media\/6373"}],"wp:attachment":[{"href":"https:\/\/www.sivosgarlin.fr\/index.php\/wp-json\/wp\/v2\/media?parent=7449"}],"wp:term":[{"taxonomy":"category","embeddable":true,"href":"https:\/\/www.sivosgarlin.fr\/index.php\/wp-json\/wp\/v2\/categories?post=7449"},{"taxonomy":"post_tag","embeddable":true,"href":"https:\/\/www.sivosgarlin.fr\/index.php\/wp-json\/wp\/v2\/tags?post=7449"}],"curies":[{"name":"wp","href":"https:\/\/api.w.org\/{rel}","templated":true}]}}