{"id":7387,"date":"2025-02-01T17:11:23","date_gmt":"2025-02-01T16:11:23","guid":{"rendered":"https:\/\/www.sivosgarlin.fr\/?p=7387"},"modified":"2025-02-01T17:11:23","modified_gmt":"2025-02-01T16:11:23","slug":"accueil-de-loisirs-hiver-2025","status":"publish","type":"post","link":"https:\/\/www.sivosgarlin.fr\/index.php\/2025\/02\/01\/accueil-de-loisirs-hiver-2025\/","title":{"rendered":"Accueil de loisirs &#8211; HIVER 2025"},"content":{"rendered":"<p>[vc_row][vc_column][vc_column_text]L\u2019accueil de loisirs ouvrira ses portes <strong>du lundi 24 f\u00e9vrier au vendredi 7 mars.<\/strong>\u00a0L\u2019accueil des enfants se fera dans les locaux de l\u2019\u00e9cole maternelle de Garlin de 7h30 \u00e0 18h30.<\/p>\n<p>L\u2019accueil du matin se fera de 7h30 \u00e0 9h45, et celui du soir \u00e0 partir de 17h00 jusqu\u2019\u00e0 18h30.<\/p>\n<p>Les enfants seront r\u00e9partis pour les activit\u00e9s en deux groupes distincts sur deux lieux diff\u00e9rents :<\/p>\n<ul>\n<li><strong><em>3-5 ans\u00a0<\/em><\/strong><\/li>\n<li><strong><em>6-12 ans<\/em><\/strong><\/li>\n<\/ul>\n<p>Le th\u00e8me\u00a0 abord\u00e9\u00a0 par les enfants ces vacances :<\/p>\n<ul>\n<li><span style=\"color: #cc99ff;\"><strong><em><span style=\"color: #000000;\"><span style=\"text-decoration: underline;\">Du lundi 24 f\u00e9vrier au vendredi 28 f\u00e9vrier<\/span> :<\/span><span style=\"color: #cc99ff;\">\u00a0<\/span><span style=\"color: #ff00ff;\">funambule et trap\u00e9ziste en herbe\u00a0\u00a0<\/span><\/em><\/strong><\/span><\/li>\n<li><span style=\"color: #cc99ff;\"><strong><em><span style=\"color: #000000;\"><span style=\"text-decoration: underline;\">Du lundi 03 f\u00e9vrier au vendredi 7 mars<\/span> :<\/span> <span style=\"color: #3366ff;\">Le centre de loisirs en f\u00eates<\/span><\/em><\/strong><\/span><\/li>\n<\/ul>\n<p>Pensez \u00e0 pr\u00e9voir pour votre enfant :<\/p>\n<ul>\n<li>Une gourde avec le pr\u00e9nom marqu\u00e9 dessus<\/li>\n<li>Un change (si n\u00e9cessaire)<\/li>\n<li>Un sac a dos<\/li>\n<\/ul>\n<p>[\/vc_column_text][vc_tta_accordion][vc_tta_section title=\u00a0\u00bbinscriptions\u00a0\u00bb tab_id=\u00a0\u00bb1706518140016-b97a48f9-69e0&Prime;][vc_column_text]Les inscriptions \u00e0 l\u2019accueil de loisirs seront ouvertes sur votre espace famille I\u2019No\u00e9 du <b>lundi 03 f\u00e9vrier\u00a0 au vendredi 14 f\u00e9vrier.<\/b><\/p>\n<p>Les inscriptions et r\u00e9servations de journ\u00e9e sont soumises \u00e0 des limites d\u2019effectifs accueillis. Ainsi, si l\u2019effectif maximal sur une journ\u00e9e d\u2019accueil est atteint, votre enfant pourra \u00eatre plac\u00e9 sur liste d\u2019attente. Dans ce cas, merci de vous rapprocher du Syndicat par mail \u00e0 <span style=\"color: #0000ff;\"><u>service.animation@sivosgarlin.fr<\/u><\/span><\/p>\n<p><span style=\"color: #ff0000;\"><strong>\u26a0 Attention en cas de d\u00e9sistement, votre enfants sera bascul\u00e9 automatiquement en r\u00e9servation. Veillez donc \u00e0 consulter r\u00e9guli\u00e8rement votre espace Ino\u00e9.\u00a0 Aucun appel t\u00e9l\u00e9phonique ne sera fait par la direction du centre de loisirs.\u00a0<\/strong><\/span><\/p>\n<p>Toute modification d\u2019inscription ou absence en dehors des p\u00e9riodes mentionn\u00e9es ci-dessus n\u00e9cessitera la pr\u00e9sentation d\u2019un justificatif m\u00e9dical. <span style=\"text-decoration: underline;\"><span style=\"color: #ff0000; text-decoration: underline;\">Sans justificatif, les r\u00e9servations seront factur\u00e9es.<\/span><\/span>[\/vc_column_text][\/vc_tta_section][vc_tta_section title=\u00a0\u00bbProgramme d&rsquo;animation\u00a0\u00bb tab_id=\u00a0\u00bb1738244402813-62252416-9647&Prime;][vc_single_image image=\u00a0\u00bb7404&Prime; img_size=\u00a0\u00bblarge\u00a0\u00bb][vc_single_image image=\u00a0\u00bb7405&Prime; img_size=\u00a0\u00bblarge\u00a0\u00bb][\/vc_tta_section][vc_tta_section title=\u00a0\u00bbTarifs\u00a0\u00bb tab_id=\u00a0\u00bb1738246282532-2a3cfa88-9790&Prime;][vc_column_text]<strong><u>NOUVEAU\u00a0: <\/u><\/strong><\/p>\n<p>Les repas sont d\u00e9sormais factur\u00e9s <strong><u>en plus<\/u><\/strong> de la journ\u00e9e de centre de loisirs. De plus, dans une d\u00e9marche sociale, le Syndicat des \u00e9coles a mis en place une grille tarifaire en fonction des revenus des familles ainsi que du nombre d\u2019enfants \u00e0 charge (voir ci-apr\u00e8s).<\/p>\n<p><strong><em>\u00a0<\/em><\/strong><\/p>\n<p><strong><em>Tarifs d&rsquo;accueil\u00a0<\/em><\/strong>[\/vc_column_text][vc_single_image image=\u00a0\u00bb6617&Prime; img_size=\u00a0\u00bblarge\u00a0\u00bb title=\u00a0\u00bbtarifs d&rsquo;accueil\u00a0\u00bb][vc_column_text]<strong>Tarifs des repas<\/strong>[\/vc_column_text][vc_single_image image=\u00a0\u00bb6619&Prime; img_size=\u00a0\u00bblarge\u00a0\u00bb title=\u00a0\u00bbTarifs des repas\u00a0\u00bb][vc_column_text]<span style=\"color: #ff0000;\">\u26a0<strong> En cas d\u2019absence injustifi\u00e9e de votre enfant, les services seront factur\u00e9s au tarif en vigueur \u26a0<br \/>\n<\/strong><\/span><br \/>\nSi vous souhaitez inscrire votre enfant <strong>r\u00e9guli\u00e8rement<\/strong> sur nos services, veuillez-nous en avertir par mail \u00e0<br \/>\nservice.animation@sivosgarlin.fr . Toute annulation ou modification de r\u00e9servation rel\u00e8ve de votre responsabilit\u00e9.[\/vc_column_text][\/vc_tta_section][\/vc_tta_accordion][vc_column_text]Le Syndicat a mis \u00e0 jour le r\u00e8glement int\u00e9rieur de ses services. Les nouvelles mesures prises sont applicable depuis le 1er janvier.<\/p>\n<p>Il est important d&rsquo;en prendre connaissance et de noter que toute participation de votre(vos) enfant(s) aux activit\u00e9s du Syndicat implique <strong><span style=\"text-decoration: underline;\">l&rsquo;acceptation<\/span><\/strong> du pr\u00e9sent r\u00e8glement.<\/p>\n<p>Vous pouvez le consulter en cliquant sur le bouton ci-dessous.[\/vc_column_text][vc_btn title=\u00a0\u00bbR\u00e8glement int\u00e9rieur des services\u00a0\u00bb style=\u00a0\u00bbclassic\u00a0\u00bb color=\u00a0\u00bbdanger\u00a0\u00bb size=\u00a0\u00bbsm\u00a0\u00bb i_icon_fontawesome=\u00a0\u00bb\u00a0\u00bb add_icon=\u00a0\u00bbtrue\u00a0\u00bb link=\u00a0\u00bburl:%20https%3A%2F%2Fwww.sivosgarlin.fr%2Findex.php%2Fle-syndicat%2Fle-reglement-interieur-des-services%2F\u00a0\u00bb][\/vc_column][\/vc_row][vc_row][vc_column][\/vc_column][\/vc_row]<\/p>\n","protected":false},"excerpt":{"rendered":"<p>[vc_row][vc_column][vc_column_text]L\u2019accueil de loisirs ouvrira ses portes du lundi 24 f\u00e9vrier au vendredi 7 mars.\u00a0L\u2019accueil des enfants se fera dans les locaux de l\u2019\u00e9cole maternelle de Garlin de 7h30 \u00e0 18h30. L\u2019accueil du matin se fera de 7h30 \u00e0 9h45, et celui du soir \u00e0 partir de 17h00 jusqu\u2019\u00e0 18h30. Les enfants seront r\u00e9partis pour les &#8230;<\/p>\n","protected":false},"author":5,"featured_media":7390,"comment_status":"closed","ping_status":"open","sticky":false,"template":"","format":"standard","meta":{"footnotes":""},"categories":[1],"tags":[],"class_list":["post-7387","post","type-post","status-publish","format-standard","has-post-thumbnail","hentry","category-non-classe"],"post_mailing_queue_ids":[],"_links":{"self":[{"href":"https:\/\/www.sivosgarlin.fr\/index.php\/wp-json\/wp\/v2\/posts\/7387","targetHints":{"allow":["GET"]}}],"collection":[{"href":"https:\/\/www.sivosgarlin.fr\/index.php\/wp-json\/wp\/v2\/posts"}],"about":[{"href":"https:\/\/www.sivosgarlin.fr\/index.php\/wp-json\/wp\/v2\/types\/post"}],"author":[{"embeddable":true,"href":"https:\/\/www.sivosgarlin.fr\/index.php\/wp-json\/wp\/v2\/users\/5"}],"replies":[{"embeddable":true,"href":"https:\/\/www.sivosgarlin.fr\/index.php\/wp-json\/wp\/v2\/comments?post=7387"}],"version-history":[{"count":4,"href":"https:\/\/www.sivosgarlin.fr\/index.php\/wp-json\/wp\/v2\/posts\/7387\/revisions"}],"predecessor-version":[{"id":7407,"href":"https:\/\/www.sivosgarlin.fr\/index.php\/wp-json\/wp\/v2\/posts\/7387\/revisions\/7407"}],"wp:featuredmedia":[{"embeddable":true,"href":"https:\/\/www.sivosgarlin.fr\/index.php\/wp-json\/wp\/v2\/media\/7390"}],"wp:attachment":[{"href":"https:\/\/www.sivosgarlin.fr\/index.php\/wp-json\/wp\/v2\/media?parent=7387"}],"wp:term":[{"taxonomy":"category","embeddable":true,"href":"https:\/\/www.sivosgarlin.fr\/index.php\/wp-json\/wp\/v2\/categories?post=7387"},{"taxonomy":"post_tag","embeddable":true,"href":"https:\/\/www.sivosgarlin.fr\/index.php\/wp-json\/wp\/v2\/tags?post=7387"}],"curies":[{"name":"wp","href":"https:\/\/api.w.org\/{rel}","templated":true}]}}