{"id":7287,"date":"2024-11-19T15:28:04","date_gmt":"2024-11-19T14:28:04","guid":{"rendered":"https:\/\/www.sivosgarlin.fr\/?p=7287"},"modified":"2024-11-19T15:28:59","modified_gmt":"2024-11-19T14:28:59","slug":"recrutement-danimateurs-3","status":"publish","type":"post","link":"https:\/\/www.sivosgarlin.fr\/index.php\/2024\/11\/19\/recrutement-danimateurs-3\/","title":{"rendered":"Recrutement d&rsquo;animateurs"},"content":{"rendered":"<p>[vc_row][vc_column][vc_empty_space height=\u00a0\u00bb15px\u00a0\u00bb][vc_single_image image=\u00a0\u00bb7288&Prime; img_size=\u00a0\u00bblarge\u00a0\u00bb][vc_empty_space height=\u00a0\u00bb15px\u00a0\u00bb][vc_column_text]<strong><u>Missions\u00a0: <\/u><\/strong><\/p>\n<ul>\n<li>Animer des actions en direction des enfants 3-10 ans<\/li>\n<li>Assurer la s\u00e9curit\u00e9 physique et morale des enfants et contribuer au bon fonctionnement de la structure et au bien-\u00eatre des publics accueillis.<\/li>\n<li>Participer \u00e0 l\u2019accueil des enfants et des parents.<\/li>\n<li>\u00catre m\u00e9diateur au sein du groupe encadr\u00e9.<\/li>\n<li>Remonter toutes les informations importantes au directeur de l\u2019accueil.<\/li>\n<\/ul>\n<p><strong><u>Profil souhait\u00e9 :<\/u><\/strong><\/p>\n<ul>\n<li>Titulaire BAFA ou \u00e9quivalent (CAP PE, BAC Pro AEPA, Licence STAPS L2 ou L3, Master MEEF)<\/li>\n<li>Votre aisance relationnelle, votre dynamisme et votre polyvalence vous permettront d&rsquo;\u00eatre rapidement autonome au sein de l&rsquo;\u00e9quipe d&rsquo;animation.<\/li>\n<\/ul>\n<p>Contrat d&rsquo;engagement \u00e9ducatif \u00e0 dur\u00e9e d\u00e9termin\u00e9e selon vos disponibilit\u00e9s.<\/p>\n<p>&nbsp;<\/p>\n<p>Horaires de 48 heures max par semaine.<\/p>\n<p>&nbsp;<\/p>\n<p><strong><u>R\u00e9mun\u00e9ration\u00a0: <\/u><\/strong><\/p>\n<p><span style=\"color: #000000;\"><strong>Titulaire BAFA<\/strong>\u00a0<\/span>: 70\u20ac brut\/jour<\/p>\n<p><strong>Stagiaire BAFA<\/strong>: 55\u20ac brut\/jour<\/p>\n<p>&nbsp;<\/p>\n<p>Veuillez adresser\u00a0votre candidature (CV et lettre de motivation) \u00e0 l&rsquo;adresse suivante :<\/p>\n<p>&nbsp;<\/p>\n<p><a href=\"mailto:service.animation@sivosgarlin.fr\">service.animation@sivosgarlin.fr<\/a> ou par courrier au 3, Place de la libert\u00e9, 64330 GARLIN.[\/vc_column_text][vc_empty_space height=\u00a0\u00bb15px\u00a0\u00bb]<div class=\"nicdark_divider    \"><span style=\"background-color:#1e73be;\" class=\"nicdark_radius\"><\/span><\/div>[vc_empty_space height=\u00a0\u00bb15px\u00a0\u00bb][vc_column_text]Pour tout renseignement compl\u00e9mentaire, n&rsquo;h\u00e9sitez pas \u00e0 nous contacter au 05.59.04.78.64 ou par mail \u00e0 service.animation@sivosgarlin.fr[\/vc_column_text][\/vc_column][\/vc_row][vc_row][vc_column][\/vc_column][\/vc_row]<\/p>\n","protected":false},"excerpt":{"rendered":"<p>[vc_row][vc_column][vc_empty_space height=\u00a0\u00bb15px\u00a0\u00bb][vc_single_image image=\u00a0\u00bb7288&Prime; img_size=\u00a0\u00bblarge\u00a0\u00bb][vc_empty_space height=\u00a0\u00bb15px\u00a0\u00bb][vc_column_text]Missions\u00a0: Animer des actions en direction des enfants 3-10 ans Assurer la s\u00e9curit\u00e9 physique et morale des enfants et contribuer au bon fonctionnement de la structure et au bien-\u00eatre des publics accueillis. Participer \u00e0 l\u2019accueil des enfants et des parents. \u00catre m\u00e9diateur au sein du groupe encadr\u00e9. Remonter toutes les informations &#8230;<\/p>\n","protected":false},"author":5,"featured_media":5513,"comment_status":"closed","ping_status":"open","sticky":false,"template":"","format":"standard","meta":{"footnotes":""},"categories":[1],"tags":[],"class_list":["post-7287","post","type-post","status-publish","format-standard","has-post-thumbnail","hentry","category-non-classe"],"post_mailing_queue_ids":[],"_links":{"self":[{"href":"https:\/\/www.sivosgarlin.fr\/index.php\/wp-json\/wp\/v2\/posts\/7287","targetHints":{"allow":["GET"]}}],"collection":[{"href":"https:\/\/www.sivosgarlin.fr\/index.php\/wp-json\/wp\/v2\/posts"}],"about":[{"href":"https:\/\/www.sivosgarlin.fr\/index.php\/wp-json\/wp\/v2\/types\/post"}],"author":[{"embeddable":true,"href":"https:\/\/www.sivosgarlin.fr\/index.php\/wp-json\/wp\/v2\/users\/5"}],"replies":[{"embeddable":true,"href":"https:\/\/www.sivosgarlin.fr\/index.php\/wp-json\/wp\/v2\/comments?post=7287"}],"version-history":[{"count":1,"href":"https:\/\/www.sivosgarlin.fr\/index.php\/wp-json\/wp\/v2\/posts\/7287\/revisions"}],"predecessor-version":[{"id":7289,"href":"https:\/\/www.sivosgarlin.fr\/index.php\/wp-json\/wp\/v2\/posts\/7287\/revisions\/7289"}],"wp:featuredmedia":[{"embeddable":true,"href":"https:\/\/www.sivosgarlin.fr\/index.php\/wp-json\/wp\/v2\/media\/5513"}],"wp:attachment":[{"href":"https:\/\/www.sivosgarlin.fr\/index.php\/wp-json\/wp\/v2\/media?parent=7287"}],"wp:term":[{"taxonomy":"category","embeddable":true,"href":"https:\/\/www.sivosgarlin.fr\/index.php\/wp-json\/wp\/v2\/categories?post=7287"},{"taxonomy":"post_tag","embeddable":true,"href":"https:\/\/www.sivosgarlin.fr\/index.php\/wp-json\/wp\/v2\/tags?post=7287"}],"curies":[{"name":"wp","href":"https:\/\/api.w.org\/{rel}","templated":true}]}}