{"id":7206,"date":"2024-09-28T16:38:08","date_gmt":"2024-09-28T14:38:08","guid":{"rendered":"https:\/\/www.sivosgarlin.fr\/?p=7206"},"modified":"2024-09-28T16:38:08","modified_gmt":"2024-09-28T14:38:08","slug":"accueil-de-loisirs-automne-2024","status":"publish","type":"post","link":"https:\/\/www.sivosgarlin.fr\/index.php\/2024\/09\/28\/accueil-de-loisirs-automne-2024\/","title":{"rendered":"Accueil de loisirs &#8211; Automne 2024"},"content":{"rendered":"<p>[vc_row][vc_column][vc_column_text]L&rsquo;accueil de loisirs ouvrira ses portes <strong>du lundi 21 octobre au vendredi 01 Novembre (hors jour f\u00e9ri\u00e9).<\/strong> L&rsquo;accueil des enfants se fera dans les locaux de l&rsquo;\u00e9cole maternelle de Garlin de 7h30 \u00e0 18h30.<\/p>\n<p>L\u2019accueil du matin se fera de 7h30 \u00e0 9h45, et celui du soir \u00e0 partir de 17h00 jusqu\u2019\u00e0 18h30.<\/p>\n<p>Les enfants seront r\u00e9partis pour les activit\u00e9s en deux groupes distincts sur deux lieux diff\u00e9rents :<\/p>\n<ul>\n<li><strong><em>3-5 ans \u00e0 l&rsquo;\u00e9cole maternelle<\/em><\/strong><\/li>\n<li><strong><em>6-12 ans \u00e0 l&rsquo;\u00e9cole \u00e9l\u00e9mentaire<\/em><\/strong><\/li>\n<\/ul>\n<p>Les th\u00e8mes\u00a0 abord\u00e9s\u00a0 par les enfants ces vacances :<\/p>\n<ul>\n<li><em><span style=\"color: #ff6600;\"><u>Du lundi 21 octobre au vendredi 25 Octobre\u00a0 :<\/u>\u00a0<span style=\"color: #000000;\"><b> L&rsquo;\u00e9cole de magie \u00e0 Garlin\u00a0<\/b><\/span><\/span><\/em><\/li>\n<li><em><span style=\"color: #ff6600;\"><u>Du lundi 28 octobre au vendredi 01 Novembre :<\/u>\u00a0<span style=\"color: #000000;\"><b> A la fronti\u00e8re du monde invisible\u00a0<\/b><\/span><\/span><\/em><\/li>\n<\/ul>\n<p>Pensez \u00e0 pr\u00e9voir pour votre enfant :<\/p>\n<ul>\n<li>Une gourde avec le pr\u00e9nom marqu\u00e9 dessus<\/li>\n<li>Un change (si n\u00e9cessaire)<\/li>\n<li>Un sac \u00e0 dos<\/li>\n<\/ul>\n<p>[\/vc_column_text][vc_tta_accordion][vc_tta_section title=\u00a0\u00bbinscriptions\u00a0\u00bb tab_id=\u00a0\u00bb1726489871812-b5fdca04-31fa\u00a0\u00bb][vc_column_text]Les inscriptions \u00e0 l\u2019accueil de loisirs seront ouvertes sur votre espace famille I\u2019No\u00e9 du<span style=\"color: #000000;\"> <strong>30 septembre au 11 octobre 2024.<\/strong><\/span><\/p>\n<p>Les inscriptions et r\u00e9servations de journ\u00e9e sont soumises \u00e0 des limites d\u2019effectifs accueillis. Ainsi, si l\u2019effectif maximal sur une journ\u00e9e d\u2019accueil est atteint, votre enfant pourra \u00eatre plac\u00e9 sur liste d\u2019attente. Dans ce cas, merci de vous rapprocher du Syndicat par mail \u00e0 <span style=\"color: #0000ff;\"><u>service.animation@sivosgarlin.fr<\/u><\/span><\/p>\n<p>Toute modification d\u2019inscription ou absence en dehors des p\u00e9riodes mentionn\u00e9es ci-dessus n\u00e9cessitera la pr\u00e9sentation d\u2019un justificatif m\u00e9dical. <span style=\"text-decoration: underline;\"><span style=\"color: #ff0000; text-decoration: underline;\">Sans justificatif, les r\u00e9servations seront factur\u00e9es.<\/span><\/span>[\/vc_column_text][\/vc_tta_section][vc_tta_section title=\u00a0\u00bbprogramme d&rsquo;animation\u00a0\u00bb tab_id=\u00a0\u00bb1726489871843-e09e03fd-95f0&Prime;][vc_gallery interval=\u00a0\u00bb10&Prime; images=\u00a0\u00bb7213,7215&Prime; img_size=\u00a0\u00bblarge\u00a0\u00bb onclick=\u00a0\u00bbimg_link_large\u00a0\u00bb][\/vc_tta_section][vc_tta_section title=\u00a0\u00bbTarifs \u00a0\u00bb tab_id=\u00a0\u00bb1726490229966-186a5be9-36b5&Prime;][vc_column_text]<strong>Tarifs d&rsquo;accueil<\/strong>[\/vc_column_text][vc_gallery interval=\u00a0\u00bb3&Prime; images=\u00a0\u00bb7094&Prime; img_size=\u00a0\u00bblarge\u00a0\u00bb onclick=\u00a0\u00bbimg_link_large\u00a0\u00bb title=\u00a0\u00bbtarifs d&rsquo;accueil\u00a0\u00bb][vc_column_text]<strong>Tarifs des repas\u00a0<\/strong>[\/vc_column_text][vc_single_image image=\u00a0\u00bb6619&Prime; img_size=\u00a0\u00bblarge\u00a0\u00bb][vc_column_text]<span style=\"color: #ff0000;\">\u26a0<strong> En cas d\u2019absence injustifi\u00e9e de votre enfant, les services seront factur\u00e9s au tarif en vigueur \u26a0<br \/>\n<\/strong><\/span><br \/>\nSi vous souhaitez inscrire votre enfant <strong>r\u00e9guli\u00e8rement<\/strong> sur nos services, veuillez-nous en avertir par mail \u00e0<br \/>\nservice.animation@sivosgarlin.fr . Toute annulation ou modification de r\u00e9servation rel\u00e8ve de votre responsabilit\u00e9.[\/vc_column_text][\/vc_tta_section][\/vc_tta_accordion][vc_empty_space height=\u00a0\u00bb15px\u00a0\u00bb][vc_column_text]Le Syndicat a mis \u00e0 jour le r\u00e8glement int\u00e9rieur de ses services.<\/p>\n<p>Il est important d&rsquo;en prendre connaissance et de noter que toute participation de votre(vos) enfant(s) aux activit\u00e9s du Syndicat implique <strong><span style=\"text-decoration: underline;\">l&rsquo;acceptation<\/span><\/strong> du pr\u00e9sent r\u00e8glement.<\/p>\n<p>Vous pouvez le consulter en cliquant sur le bouton ci-dessous.[\/vc_column_text][vc_btn title=\u00a0\u00bbR\u00e8glement int\u00e9rieur des services\u00a0\u00bb style=\u00a0\u00bbclassic\u00a0\u00bb color=\u00a0\u00bbdanger\u00a0\u00bb size=\u00a0\u00bbsm\u00a0\u00bb i_icon_fontawesome=\u00a0\u00bbfa fa-file-pdf-o\u00a0\u00bb link=\u00a0\u00bburl:https%3A%2F%2Fwww.sivosgarlin.fr%2Findex.php%2Fle-syndicat%2Fle-reglement-interieur-des-services%2F||\u00a0\u00bb add_icon=\u00a0\u00bbtrue\u00a0\u00bb][vc_column_text]Pour tout compl\u00e9ment d&rsquo;information, n&rsquo;h\u00e9sitez pas \u00e0 nous contacter par mail \u00e0 service.animation@sivosgarlin.fr ou au t\u00e9l\u00e9phone au 05.59.04.78.64 ou au 06.75.40.82.73[\/vc_column_text][\/vc_column][\/vc_row]<\/p>\n","protected":false},"excerpt":{"rendered":"<p>[vc_row][vc_column][vc_column_text]L&rsquo;accueil de loisirs ouvrira ses portes du lundi 21 octobre au vendredi 01 Novembre (hors jour f\u00e9ri\u00e9). L&rsquo;accueil des enfants se fera dans les locaux de l&rsquo;\u00e9cole maternelle de Garlin de 7h30 \u00e0 18h30. L\u2019accueil du matin se fera de 7h30 \u00e0 9h45, et celui du soir \u00e0 partir de 17h00 jusqu\u2019\u00e0 18h30. Les enfants &#8230;<\/p>\n","protected":false},"author":5,"featured_media":6872,"comment_status":"closed","ping_status":"open","sticky":false,"template":"","format":"standard","meta":{"footnotes":""},"categories":[1],"tags":[],"class_list":["post-7206","post","type-post","status-publish","format-standard","has-post-thumbnail","hentry","category-non-classe"],"post_mailing_queue_ids":[],"_links":{"self":[{"href":"https:\/\/www.sivosgarlin.fr\/index.php\/wp-json\/wp\/v2\/posts\/7206","targetHints":{"allow":["GET"]}}],"collection":[{"href":"https:\/\/www.sivosgarlin.fr\/index.php\/wp-json\/wp\/v2\/posts"}],"about":[{"href":"https:\/\/www.sivosgarlin.fr\/index.php\/wp-json\/wp\/v2\/types\/post"}],"author":[{"embeddable":true,"href":"https:\/\/www.sivosgarlin.fr\/index.php\/wp-json\/wp\/v2\/users\/5"}],"replies":[{"embeddable":true,"href":"https:\/\/www.sivosgarlin.fr\/index.php\/wp-json\/wp\/v2\/comments?post=7206"}],"version-history":[{"count":7,"href":"https:\/\/www.sivosgarlin.fr\/index.php\/wp-json\/wp\/v2\/posts\/7206\/revisions"}],"predecessor-version":[{"id":7218,"href":"https:\/\/www.sivosgarlin.fr\/index.php\/wp-json\/wp\/v2\/posts\/7206\/revisions\/7218"}],"wp:featuredmedia":[{"embeddable":true,"href":"https:\/\/www.sivosgarlin.fr\/index.php\/wp-json\/wp\/v2\/media\/6872"}],"wp:attachment":[{"href":"https:\/\/www.sivosgarlin.fr\/index.php\/wp-json\/wp\/v2\/media?parent=7206"}],"wp:term":[{"taxonomy":"category","embeddable":true,"href":"https:\/\/www.sivosgarlin.fr\/index.php\/wp-json\/wp\/v2\/categories?post=7206"},{"taxonomy":"post_tag","embeddable":true,"href":"https:\/\/www.sivosgarlin.fr\/index.php\/wp-json\/wp\/v2\/tags?post=7206"}],"curies":[{"name":"wp","href":"https:\/\/api.w.org\/{rel}","templated":true}]}}