{"id":7044,"date":"2024-05-07T16:14:38","date_gmt":"2024-05-07T14:14:38","guid":{"rendered":"https:\/\/www.sivosgarlin.fr\/?p=7044"},"modified":"2026-04-30T15:39:21","modified_gmt":"2026-04-30T13:39:21","slug":"espaces-jeunes-sejours-ete-2024","status":"publish","type":"post","link":"https:\/\/www.sivosgarlin.fr\/index.php\/2024\/05\/07\/espaces-jeunes-sejours-ete-2024\/","title":{"rendered":"Espaces jeunes &#8211; S\u00e9jours \u00e9t\u00e9 2024"},"content":{"rendered":"<p>[vc_row][vc_column][vc_column_text]<\/p>\n<div data-breakout=\"normal\">\n<ul>\n<li><strong>Les 3 Espaces Jeunes du territoire de la CCLB (Arzacq, Garlin &amp; Serres-Castet) proposent 3 s\u00e9jours cet \u00e9t\u00e9\u00a0: <\/strong><\/li>\n<\/ul>\n<p>. Du 15 au 19 juillet, s\u00e9jour itin\u00e9rant sur le territoire de la CCLB \u00ab\u00a0Entre ciel &amp; terr\u2019itoire\u00a0\u00bb, organis\u00e9 par l\u2019Espace Jeunes Garlin<\/p>\n<p>. Du 22 au 26 juillet, \u00e0 l\u2019oc\u00e9an (Mimizan), organis\u00e9 par l\u2019Espace Jeunes Serres-Castet<\/p>\n<p>. Du 29 juillet au 2 ao\u00fbt, en montagne (Arrens-Marsous \/ Val d\u2019Azun), organis\u00e9 par l\u2019Espace Jeunes Arzacq<\/p>\n<p>&nbsp;<\/p>\n<p><u>Conditions pour y participer<\/u>\u00a0: \u00eatre coll\u00e9gien r\u00e9sidant et\/ou scolaris\u00e9 sur le territoire de la CCLB.<\/p>\n<p>&nbsp;<\/p>\n<p>Retrouvez les pr\u00e9cisions, tarifs et formulaire de pr\u00e9-inscription (jusqu\u2019au 5 juin) via ce lien\u00a0: \u00a0<strong><a href=\"https:\/\/www.cclb64.fr\/post\/s%C3%A9jours-%C3%A9t%C3%A9\">S\u00e9jours \u00e9t\u00e9 2024 &#8211; Espaces Jeunes<\/a><\/strong><\/p>\n<p>&nbsp;<\/p>\n<\/div>\n<div data-breakout=\"normal\"><\/div>\n<p>[\/vc_column_text][\/vc_column][\/vc_row][vc_row][vc_column][vc_single_image image=\u00a0\u00bb7124&Prime; img_size=\u00a0\u00bblarge\u00a0\u00bb onclick=\u00a0\u00bbimg_link_large\u00a0\u00bb img_link_target=\u00a0\u00bb_blank\u00a0\u00bb][\/vc_column][\/vc_row]<\/p>\n","protected":false},"excerpt":{"rendered":"<p>[vc_row][vc_column][vc_column_text] Les 3 Espaces Jeunes du territoire de la CCLB (Arzacq, Garlin &amp; Serres-Castet) proposent 3 s\u00e9jours cet \u00e9t\u00e9\u00a0: . Du 15 au 19 juillet, s\u00e9jour itin\u00e9rant sur le territoire de la CCLB \u00ab\u00a0Entre ciel &amp; terr\u2019itoire\u00a0\u00bb, organis\u00e9 par l\u2019Espace Jeunes Garlin . Du 22 au 26 juillet, \u00e0 l\u2019oc\u00e9an (Mimizan), organis\u00e9 par l\u2019Espace Jeunes &#8230;<\/p>\n","protected":false},"author":5,"featured_media":7124,"comment_status":"closed","ping_status":"open","sticky":false,"template":"","format":"standard","meta":{"footnotes":""},"categories":[1],"tags":[],"class_list":["post-7044","post","type-post","status-publish","format-standard","has-post-thumbnail","hentry","category-non-classe"],"post_mailing_queue_ids":[],"_links":{"self":[{"href":"https:\/\/www.sivosgarlin.fr\/index.php\/wp-json\/wp\/v2\/posts\/7044","targetHints":{"allow":["GET"]}}],"collection":[{"href":"https:\/\/www.sivosgarlin.fr\/index.php\/wp-json\/wp\/v2\/posts"}],"about":[{"href":"https:\/\/www.sivosgarlin.fr\/index.php\/wp-json\/wp\/v2\/types\/post"}],"author":[{"embeddable":true,"href":"https:\/\/www.sivosgarlin.fr\/index.php\/wp-json\/wp\/v2\/users\/5"}],"replies":[{"embeddable":true,"href":"https:\/\/www.sivosgarlin.fr\/index.php\/wp-json\/wp\/v2\/comments?post=7044"}],"version-history":[{"count":5,"href":"https:\/\/www.sivosgarlin.fr\/index.php\/wp-json\/wp\/v2\/posts\/7044\/revisions"}],"predecessor-version":[{"id":7907,"href":"https:\/\/www.sivosgarlin.fr\/index.php\/wp-json\/wp\/v2\/posts\/7044\/revisions\/7907"}],"wp:featuredmedia":[{"embeddable":true,"href":"https:\/\/www.sivosgarlin.fr\/index.php\/wp-json\/wp\/v2\/media\/7124"}],"wp:attachment":[{"href":"https:\/\/www.sivosgarlin.fr\/index.php\/wp-json\/wp\/v2\/media?parent=7044"}],"wp:term":[{"taxonomy":"category","embeddable":true,"href":"https:\/\/www.sivosgarlin.fr\/index.php\/wp-json\/wp\/v2\/categories?post=7044"},{"taxonomy":"post_tag","embeddable":true,"href":"https:\/\/www.sivosgarlin.fr\/index.php\/wp-json\/wp\/v2\/tags?post=7044"}],"curies":[{"name":"wp","href":"https:\/\/api.w.org\/{rel}","templated":true}]}}