{"id":6766,"date":"2023-11-08T12:11:17","date_gmt":"2023-11-08T11:11:17","guid":{"rendered":"https:\/\/www.sivosgarlin.fr\/?p=6766"},"modified":"2023-11-08T12:13:37","modified_gmt":"2023-11-08T11:13:37","slug":"mercredi-alsh-novembre-a-decembre","status":"publish","type":"post","link":"https:\/\/www.sivosgarlin.fr\/index.php\/2023\/11\/08\/mercredi-alsh-novembre-a-decembre\/","title":{"rendered":"Mercredi ALSH &#8211; Novembre \u00e0 d\u00e9cembre"},"content":{"rendered":"<p>[vc_row][vc_column][vc_tta_accordion active_section=\u00a0\u00bb\u00a0\u00bb][vc_tta_section title=\u00a0\u00bbComment s&rsquo;inscrire ?\u00a0\u00bb tab_id=\u00a0\u00bb1694011131721-77a84851-980a\u00a0\u00bb][vc_column_text]3,2,1 partez ! Une nouvelle ann\u00e9e scolaire va commencer.<br \/>\nLe Syndicat des \u00c9coles de la R\u00e9gion de Garlin met en place un accueil de loisirs tous les mercredis dans les locaux de l&rsquo;\u00e9cole maternelle de Garlin.<br \/>\nCet accueil est destin\u00e9 \u00e0 accueillir les enfants \u00e2g\u00e9s de 3 \u00e0 12 ans de 7h30 \u00e0 18h30 durant la p\u00e9riode scolaire.<br \/>\nChaque p\u00e9riode, les animatrices proposent \u00e0 vos enfants un programme d&rsquo;animation riche et vari\u00e9.<br \/>\nEntre activit\u00e9s manuelles, sportives ou culturelles, tout le monde y trouve son compte !<br \/>\nLes enfants seront encadr\u00e9s par une \u00e9quipe de 5 animateurs: Maryline, \u00c9lodie, Chlo\u00e9, Karine et Marion.<\/p>\n<p>Afin d\u2019assurer un bon fonctionnement des services, il est n\u00e9cessaire d\u2019avoir la meilleure visibilit\u00e9 possible sur les enfants qui fr\u00e9quenteront nos services quotidiennement.<\/p>\n<p><strong>Comment proc\u00e9der ?<\/strong><br \/>\nCette ann\u00e9e encore, les inscriptions se font de fa\u00e7on d\u00e9mat\u00e9rialis\u00e9e via l&rsquo;espace famille I&rsquo;No\u00e9 (Lien de connexion :<a href=\"https:\/\/espacefamille.aiga.fr\/index.html?dossier=1356550#connexion&amp;145047\"> https:\/\/espacefamille.aiga.fr\/index.html?dossier=1356550#connexion&amp;145047<\/a>)<br \/>\nPour cela :<br \/>\n&#8211; nouvelles familles : cr\u00e9er un compte Espace famille I\u2019No\u00e9 afin de pouvoir proc\u00e9der aux inscriptions sur nos services.<br \/>\n-Les familles dont les enfants \u00e9taient d\u00e9j\u00e0 scolaris\u00e9s sur une des \u00e9coles de Garlin, Boueilh ou Diusse: proc\u00e9der aux inscriptions<br \/>\nsur les activit\u00e9s de l\u2019ann\u00e9e scolaire 2023\/2024 depuis votre espace famille[\/vc_column_text][vc_column_text]<\/p>\n<ul>\n<li><strong>Documents obligatoires <\/strong><\/li>\n<\/ul>\n<p>Afin de valider l\u2019inscription de votre enfant, merci d\u2019ins\u00e9rer les documents suivants sur votre espace famille :<\/p>\n<p>&#8211; Attestation d\u2019assurance scolaire ET extrascolaire pour l\u2019ann\u00e9e scolaire 2023\/2024<br \/>\n&#8211; Photocopie du carnet de vaccination<br \/>\n&#8211; Attestation de quotient familial CAF 2023 ou l\u2019avis d\u2019imposition 2023 (revenus 2022)<br \/>\n&#8211; Notification d\u2019aide aux temps libres CAF ou bons vacances MSA<\/p>\n<p>Aussi, si vous souhaitez modifier votre adresse mail de contact, veuillez-nous en faire part.<br \/>\n<span style=\"color: #ff0000;\"><strong>Si l\u2019attestation de quotient familial ou l\u2019avis d\u2019imposition 2023 (revenus 2022) ne sont pas fournis, le tarif maximal sera appliqu\u00e9.<\/strong><\/span>[\/vc_column_text][vc_empty_space height=\u00a0\u00bb15px\u00a0\u00bb][vc_column_text]<strong>Tarif p\u00e9riscolaire mercredi et ALSH<\/strong>[\/vc_column_text][vc_empty_space height=\u00a0\u00bb15px\u00a0\u00bb][vc_single_image image=\u00a0\u00bb6617&Prime; img_size=\u00a0\u00bblarge\u00a0\u00bb][vc_empty_space height=\u00a0\u00bb15px\u00a0\u00bb][vc_column_text]<strong>La grille tarifaire des repas ci dessous viendra s&rsquo;ajouter aux tarifs d&rsquo;accueil.<\/strong>[\/vc_column_text][vc_empty_space height=\u00a0\u00bb15px\u00a0\u00bb][vc_single_image image=\u00a0\u00bb6619&Prime; img_size=\u00a0\u00bblarge\u00a0\u00bb][vc_empty_space height=\u00a0\u00bb15px\u00a0\u00bb][vc_column_text]<span style=\"color: #ff0000;\">\u26a0<strong> En cas d\u2019absence injustifi\u00e9e de votre enfant, les services seront factur\u00e9s au tarif en vigueur \u26a0<br \/>\n<\/strong><\/span><br \/>\nSi vous souhaitez inscrire votre enfant <strong>r\u00e9guli\u00e8rement<\/strong> sur nos services, veuillez-nous en avertir par mail \u00e0<br \/>\nservice.animation@sivosgarlin.fr . Toute annulation ou modification de r\u00e9servation rel\u00e8ve de votre responsabilit\u00e9.[\/vc_column_text][\/vc_tta_section][\/vc_tta_accordion][vc_tta_accordion active_section=\u00a0\u00bb\u00a0\u00bb][vc_tta_section title=\u00a0\u00bbProgramme d&rsquo;animation\u00a0\u00bb tab_id=\u00a0\u00bb1699439995174-14f6f2ba-7269&Prime;][vc_column_text]A chaque p\u00e9riode, ils proposeront \u00e0 vos enfants un programme d&rsquo;activit\u00e9 vari\u00e9 et ludique. Entre activit\u00e9s manuelles, sportives ou culturelles, tout le monde y trouvera son compte ! Vous trouverez celui de Novembre\/D\u00e9cembre ci-dessous.[\/vc_column_text][\/vc_tta_section][\/vc_tta_accordion][vc_single_image image=\u00a0\u00bb6769&Prime; img_size=\u00a0\u00bblarge\u00a0\u00bb][\/vc_column][\/vc_row][vc_row][vc_column][vc_empty_space height=\u00a0\u00bb35px\u00a0\u00bb][vc_column_text]Pour tout compl\u00e9ment d&rsquo;information, n&rsquo;h\u00e9sitez pas \u00e0 contacter le Syndicat des \u00e9coles par mail \u00e0 <span style=\"text-decoration: underline;\"><span style=\"color: #3366ff; text-decoration: underline;\">service.animation@sivosgarlin.fr<\/span><\/span> ou par t\u00e9l\u00e9phone au 05.59.04.78.64 ou 06.75.4[\/vc_column_text][\/vc_column][\/vc_row]<\/p>\n","protected":false},"excerpt":{"rendered":"<p>[vc_row][vc_column][vc_tta_accordion active_section=\u00a0\u00bb\u00a0\u00bb][vc_tta_section title=\u00a0\u00bbComment s&rsquo;inscrire ?\u00a0\u00bb tab_id=\u00a0\u00bb1694011131721-77a84851-980a\u00a0\u00bb][vc_column_text]3,2,1 partez ! Une nouvelle ann\u00e9e scolaire va commencer. Le Syndicat des \u00c9coles de la R\u00e9gion de Garlin met en place un accueil de loisirs tous les mercredis dans les locaux de l&rsquo;\u00e9cole maternelle de Garlin. Cet accueil est destin\u00e9 \u00e0 accueillir les enfants \u00e2g\u00e9s de 3 \u00e0 12 ans &#8230;<\/p>\n","protected":false},"author":5,"featured_media":6772,"comment_status":"closed","ping_status":"open","sticky":false,"template":"","format":"standard","meta":{"footnotes":""},"categories":[1],"tags":[],"class_list":["post-6766","post","type-post","status-publish","format-standard","has-post-thumbnail","hentry","category-non-classe"],"post_mailing_queue_ids":[],"_links":{"self":[{"href":"https:\/\/www.sivosgarlin.fr\/index.php\/wp-json\/wp\/v2\/posts\/6766","targetHints":{"allow":["GET"]}}],"collection":[{"href":"https:\/\/www.sivosgarlin.fr\/index.php\/wp-json\/wp\/v2\/posts"}],"about":[{"href":"https:\/\/www.sivosgarlin.fr\/index.php\/wp-json\/wp\/v2\/types\/post"}],"author":[{"embeddable":true,"href":"https:\/\/www.sivosgarlin.fr\/index.php\/wp-json\/wp\/v2\/users\/5"}],"replies":[{"embeddable":true,"href":"https:\/\/www.sivosgarlin.fr\/index.php\/wp-json\/wp\/v2\/comments?post=6766"}],"version-history":[{"count":9,"href":"https:\/\/www.sivosgarlin.fr\/index.php\/wp-json\/wp\/v2\/posts\/6766\/revisions"}],"predecessor-version":[{"id":6783,"href":"https:\/\/www.sivosgarlin.fr\/index.php\/wp-json\/wp\/v2\/posts\/6766\/revisions\/6783"}],"wp:featuredmedia":[{"embeddable":true,"href":"https:\/\/www.sivosgarlin.fr\/index.php\/wp-json\/wp\/v2\/media\/6772"}],"wp:attachment":[{"href":"https:\/\/www.sivosgarlin.fr\/index.php\/wp-json\/wp\/v2\/media?parent=6766"}],"wp:term":[{"taxonomy":"category","embeddable":true,"href":"https:\/\/www.sivosgarlin.fr\/index.php\/wp-json\/wp\/v2\/categories?post=6766"},{"taxonomy":"post_tag","embeddable":true,"href":"https:\/\/www.sivosgarlin.fr\/index.php\/wp-json\/wp\/v2\/tags?post=6766"}],"curies":[{"name":"wp","href":"https:\/\/api.w.org\/{rel}","templated":true}]}}