{"id":6560,"date":"2023-06-15T16:03:11","date_gmt":"2023-06-15T14:03:11","guid":{"rendered":"https:\/\/www.sivosgarlin.fr\/?p=6560"},"modified":"2023-06-15T16:03:11","modified_gmt":"2023-06-15T14:03:11","slug":"espace-jeunes-ete-2023","status":"publish","type":"post","link":"https:\/\/www.sivosgarlin.fr\/index.php\/2023\/06\/15\/espace-jeunes-ete-2023\/","title":{"rendered":"Espace jeunes-\u00c9t\u00e9 2023"},"content":{"rendered":"<p>[vc_row][vc_column][vc_column_text]<\/p>\n<p id=\"viewer-foo\" class=\"xVISr Y9Dpf WkT0MK OZy-3 lnyWN T3Ond1 WkT0MK public-DraftStyleDefault-block-depth0 fixed-tab-size public-DraftStyleDefault-text-ltr\"><span class=\"B2EFF public-DraftStyleDefault-ltr\" style=\"font-family: 'comic sans ms', sans-serif;\">Les trois espaces jeunes du territoire, Arzacq-Arraziguet, Garlin et Serres-Castet accueillent les jeunes \u00e2g\u00e9s de 11 \u00e0 15 ans pour des activit\u00e9s ludiques et sportives pendant les vacances d&rsquo;\u00e9t\u00e9.<\/span><\/p>\n<div data-hook=\"rcv-block1\"><\/div>\n<p id=\"viewer-atpbi\" class=\"xVISr Y9Dpf WkT0MK OZy-3 lnyWN T3Ond1 WkT0MK public-DraftStyleDefault-block-depth0 fixed-tab-size public-DraftStyleDefault-text-ltr\"><span class=\"B2EFF public-DraftStyleDefault-ltr\" style=\"font-family: 'comic sans ms', sans-serif;\">Au programme cette ann\u00e9e : sorties nature, jeux, musique, karting, cin\u00e9, cuisine, accrobranche &#8230;<\/span><\/p>\n<div data-hook=\"rcv-block2\"><\/div>\n<p id=\"viewer-7jfvg\" class=\"xVISr Y9Dpf WkT0MK OZy-3 lnyWN T3Ond1 WkT0MK public-DraftStyleDefault-block-depth0 fixed-tab-size public-DraftStyleDefault-text-ltr\"><span class=\"B2EFF public-DraftStyleDefault-ltr\"><strong><span style=\"font-family: 'comic sans ms', sans-serif;\">Programme complet \u00e0 t\u00e9l\u00e9charger ici :<\/span> <\/strong><\/span><\/p>\n<p>[\/vc_column_text][vc_btn title=\u00a0\u00bbAJEUDNA ETE 2023&Prime; style=\u00a0\u00bboutline\u00a0\u00bb color=\u00a0\u00bbvista-blue\u00a0\u00bb size=\u00a0\u00bbsm\u00a0\u00bb i_icon_fontawesome=\u00a0\u00bbfa fa-file-pdf-o\u00a0\u00bb link=\u00a0\u00bburl:https%3A%2F%2Fwww.sivosgarlin.fr%2Fwp-content%2Fuploads%2F2023%2F06%2F2023-CCLB-AJEUNDA-A6-ETE-3.pdf||\u00a0\u00bb add_icon=\u00a0\u00bbtrue\u00a0\u00bb][vc_column_text]<\/p>\n<p id=\"viewer-btlnk\" class=\"xVISr Y9Dpf WkT0MK OZy-3 lnyWN T3Ond1 WkT0MK public-DraftStyleDefault-block-depth0 fixed-tab-size public-DraftStyleDefault-text-ltr\"><span class=\"B2EFF public-DraftStyleDefault-ltr\" style=\"font-family: 'comic sans ms', sans-serif;\"><em><u class=\"D-jZk\">Crit\u00e8res de priorit\u00e9<\/u> : <\/em><\/span><\/p>\n<div data-hook=\"rcv-block6\"><\/div>\n<p id=\"viewer-489to\" class=\"xVISr Y9Dpf WkT0MK OZy-3 lnyWN T3Ond1 WkT0MK public-DraftStyleDefault-block-depth0 fixed-tab-size public-DraftStyleDefault-text-ltr\"><span class=\"B2EFF public-DraftStyleDefault-ltr\" style=\"font-family: 'comic sans ms', sans-serif;\">L\u2019accueil est r\u00e9serv\u00e9 en priorit\u00e9 aux jeunes actuellement coll\u00e9giens r\u00e9sidants et\/ou scolaris\u00e9s sur le territoire intercommunal. <\/span><\/p>\n<h3 id=\"viewer-2ahta\" class=\"DjYhe Y9Dpf OZy-3 lnyWN T3Ond1 WkT0MK public-DraftStyleDefault-block-depth0 fixed-tab-size public-DraftStyleDefault-text-ltr\"><span class=\"B2EFF public-DraftStyleDefault-ltr\" style=\"font-family: 'comic sans ms', sans-serif;\"><strong>Proc\u00e9dure d\u2019inscription : <\/strong><\/span><\/h3>\n<div data-hook=\"rcv-block9\"><\/div>\n<p id=\"viewer-4jomd\" class=\"xVISr Y9Dpf WkT0MK OZy-3 lnyWN T3Ond1 WkT0MK public-DraftStyleDefault-block-depth0 fixed-tab-size public-DraftStyleDefault-text-ltr\"><span class=\"B2EFF public-DraftStyleDefault-ltr\" style=\"font-family: 'comic sans ms', sans-serif;\"><strong><u class=\"D-jZk\">Etape 1 &#8211; Pr\u00e9-inscription via ce lien sur l\u2019Espace Jeunes de votre territoire ou par t\u00e9l\u00e9phone <\/u><\/strong><\/span><\/p>\n<p id=\"viewer-1lb70\" class=\"xVISr Y9Dpf WkT0MK OZy-3 lnyWN T3Ond1 WkT0MK public-DraftStyleDefault-block-depth0 fixed-tab-size public-DraftStyleDefault-text-ltr\"><span class=\"B2EFF public-DraftStyleDefault-ltr\" style=\"font-family: 'comic sans ms', sans-serif;\"> \u00b7 Espace Jeunes Arzacq : <a class=\"TWoY9 itht3\" href=\"https:\/\/forms.gle\/JVZh6Jgz7TWi6sbV8\" target=\"_blank\" rel=\"noopener noreferrer\" data-hook=\"linkViewer\">https:\/\/forms.gle\/JVZh6Jgz7TWi6sbV8<\/a><\/span><\/p>\n<p id=\"viewer-f15nh\" class=\"xVISr Y9Dpf WkT0MK OZy-3 lnyWN T3Ond1 WkT0MK public-DraftStyleDefault-block-depth0 fixed-tab-size public-DraftStyleDefault-text-ltr\"><span class=\"B2EFF public-DraftStyleDefault-ltr\" style=\"font-family: 'comic sans ms', sans-serif;\">Contact : 07 87 21 01 38 \u2013 <a class=\"TWoY9 itht3\" href=\"mailto:animationjeunesse@cclb64.fr\" target=\"_blank\" rel=\"noopener noreferrer\" data-hook=\"linkViewer\">animationjeunesse@cclb64.fr<\/a><\/span><\/p>\n<div data-hook=\"rcv-block14\"><\/div>\n<div data-hook=\"rcv-block14\"><\/div>\n<p id=\"viewer-b2gka\" class=\"xVISr Y9Dpf WkT0MK OZy-3 lnyWN T3Ond1 WkT0MK public-DraftStyleDefault-block-depth0 fixed-tab-size public-DraftStyleDefault-text-ltr\"><span class=\"B2EFF public-DraftStyleDefault-ltr\" style=\"font-family: 'comic sans ms', sans-serif;\"> \u00b7 Espace Jeunes Garlin : <a class=\"TWoY9 itht3\" href=\"https:\/\/espacefamille.aiga.fr\/1356550\" target=\"_blank\" rel=\"noopener noreferrer\" data-hook=\"linkViewer\">https:\/\/espacefamille.aiga.fr\/1356550<\/a><\/span><\/p>\n<p id=\"viewer-g61s\" class=\"xVISr Y9Dpf WkT0MK OZy-3 lnyWN T3Ond1 WkT0MK public-DraftStyleDefault-block-depth0 fixed-tab-size public-DraftStyleDefault-text-ltr\"><span class=\"B2EFF public-DraftStyleDefault-ltr\" style=\"font-family: 'comic sans ms', sans-serif;\">Contact : 07 88 66 60 64 \u2013 <a class=\"TWoY9 itht3\" href=\"mailto:service.animation@sivosgarlin.fr\" target=\"_blank\" rel=\"noopener noreferrer\" data-hook=\"linkViewer\">espacejeunes@sivosgarlin.fr<\/a><\/span><\/p>\n<div data-hook=\"rcv-block16\"><\/div>\n<div id=\"viewer-37a8q\" class=\"xVISr Y9Dpf WkT0MK OZy-3 lnyWN T3Ond1 WkT0MK public-DraftStyleDefault-block-depth0 fixed-tab-size public-DraftStyleDefault-text-ltr\"><span class=\"B2EFF public-DraftStyleDefault-ltr\" style=\"font-family: 'comic sans ms', sans-serif;\">\u00a0<\/span><\/div>\n<div data-hook=\"rcv-block17\"><\/div>\n<p id=\"viewer-975un\" class=\"xVISr Y9Dpf WkT0MK OZy-3 lnyWN T3Ond1 WkT0MK public-DraftStyleDefault-block-depth0 fixed-tab-size public-DraftStyleDefault-text-ltr\"><span class=\"B2EFF public-DraftStyleDefault-ltr\" style=\"font-family: 'comic sans ms', sans-serif;\"> \u00b7 Espace Jeunes Serres-Castet : <a class=\"TWoY9 itht3\" href=\"https:\/\/forms.gle\/ZMNmh7vaGSv3XQmg6\" target=\"_blank\" rel=\"noopener noreferrer\" data-hook=\"linkViewer\">https:\/\/forms.gle\/ZMNmh7vaGSv3XQmg6<\/a><\/span><\/p>\n<p id=\"viewer-25sai\" class=\"xVISr Y9Dpf WkT0MK OZy-3 lnyWN T3Ond1 WkT0MK public-DraftStyleDefault-block-depth0 fixed-tab-size public-DraftStyleDefault-text-ltr\"><span class=\"B2EFF public-DraftStyleDefault-ltr\" style=\"font-family: 'comic sans ms', sans-serif;\">Contact : 05 59 33 11 66 \u2013 <a class=\"TWoY9 itht3\" href=\"mailto:service.animation@sivosgarlin.fr\" target=\"_blank\" rel=\"noopener noreferrer\" data-hook=\"linkViewer\">espacejeunes@csap.fr <\/a><\/span><\/p>\n<div data-hook=\"rcv-block19\"><\/div>\n<div id=\"viewer-2m0v6\" class=\"xVISr Y9Dpf WkT0MK OZy-3 lnyWN T3Ond1 WkT0MK public-DraftStyleDefault-block-depth0 fixed-tab-size public-DraftStyleDefault-text-ltr\"><span class=\"B2EFF public-DraftStyleDefault-ltr\" style=\"font-family: 'comic sans ms', sans-serif;\">\u00a0<\/span><\/div>\n<div data-hook=\"rcv-block20\"><\/div>\n<p id=\"viewer-d0ktc\" class=\"xVISr Y9Dpf WkT0MK OZy-3 lnyWN T3Ond1 WkT0MK public-DraftStyleDefault-block-depth0 fixed-tab-size public-DraftStyleDefault-text-ltr\"><span class=\"B2EFF public-DraftStyleDefault-ltr\" style=\"font-family: 'comic sans ms', sans-serif;\"><strong><u class=\"D-jZk\">Etape 2 &#8211; Envoi \u00e0 l\u2019Espace Jeunes concern\u00e9 ou d\u00e9p\u00f4t des documents obligatoires <\/u><\/strong><\/span><\/p>\n<div data-hook=\"rcv-block21\"><\/div>\n<p id=\"viewer-fb4ut\" class=\"xVISr Y9Dpf WkT0MK OZy-3 lnyWN T3Ond1 WkT0MK public-DraftStyleDefault-block-depth0 fixed-tab-size public-DraftStyleDefault-text-ltr\"><span class=\"B2EFF public-DraftStyleDefault-ltr\" style=\"font-family: 'comic sans ms', sans-serif;\">Uniquement pour ceux n\u2019ayant pas particip\u00e9 \u00e0 au moins 1 activit\u00e9 sur un Espace Jeunes durant les pr\u00e9c\u00e9dentes vacances de l\u2019ann\u00e9e scolaire 2022-2023.<\/span><\/p>\n<p id=\"viewer-9dqb5\" class=\"xVISr Y9Dpf WkT0MK OZy-3 lnyWN T3Ond1 WkT0MK public-DraftStyleDefault-block-depth0 fixed-tab-size public-DraftStyleDefault-text-ltr\"><span class=\"B2EFF public-DraftStyleDefault-ltr\" style=\"font-family: 'comic sans ms', sans-serif;\">\u00b7 Fiche de renseignement obligatoire (\u00e0 t\u00e9l\u00e9charger).<\/span><\/p>\n<div data-hook=\"rcv-block24\"><\/div>\n<div id=\"viewer-678m5\" class=\"QHjDE iG0hRj\">\n<div class=\"gO6aa N9BmOG N9BmOG flaqF\">\n<div class=\"vQHMs\" data-hook=\"fileUploadViewer\">\n<div class=\"CZnMy\" tabindex=\"0\" role=\"button\">\n<div class=\"rsyVo\"><\/div>\n<div class=\"jbT-C\">\n<div class=\"S5wvk\"><\/div>\n<\/div>\n<\/div>\n<\/div>\n<\/div>\n<\/div>\n<p>[\/vc_column_text][vc_btn title=\u00a0\u00bbFiche renseignements sanitaire &#8211; ESPJ 2022 2023&Prime; style=\u00a0\u00bboutline\u00a0\u00bb color=\u00a0\u00bbvista-blue\u00a0\u00bb size=\u00a0\u00bbsm\u00a0\u00bb i_icon_fontawesome=\u00a0\u00bbfa fa-file-pdf-o\u00a0\u00bb link=\u00a0\u00bburl:https%3A%2F%2Fwww.sivosgarlin.fr%2Fwp-content%2Fuploads%2F2022%2F10%2FFiche-renseignement-sanitaire-Espaces-Jeunes-2022-2023.pdf||\u00a0\u00bb add_icon=\u00a0\u00bbtrue\u00a0\u00bb][vc_column_text]<\/p>\n<p id=\"viewer-318i4\" class=\"xVISr Y9Dpf WkT0MK OZy-3 lnyWN T3Ond1 WkT0MK public-DraftStyleDefault-block-depth0 fixed-tab-size public-DraftStyleDefault-text-ltr\"><span class=\"B2EFF public-DraftStyleDefault-ltr\" style=\"font-family: 'comic sans ms', sans-serif;\"> \u00b7 Allocataires &#8211; Attestation de quotient familial CAF-MSA \/ attestation ATL CAF ou bon vacances MSA <\/span><\/p>\n<div data-hook=\"rcv-block27\"><\/div>\n<p id=\"viewer-e397t\" class=\"xVISr Y9Dpf WkT0MK OZy-3 lnyWN T3Ond1 WkT0MK public-DraftStyleDefault-block-depth0 fixed-tab-size public-DraftStyleDefault-text-ltr\"><span class=\"B2EFF public-DraftStyleDefault-ltr\" style=\"font-family: 'comic sans ms', sans-serif;\"> Non allocataires \u2013 le dernier avis d\u2019imposition.<\/span><\/p>\n<div data-hook=\"rcv-block28\"><\/div>\n<div id=\"viewer-1h87t\" class=\"xVISr Y9Dpf WkT0MK OZy-3 lnyWN T3Ond1 WkT0MK public-DraftStyleDefault-block-depth0 fixed-tab-size public-DraftStyleDefault-text-ltr\"><span class=\"B2EFF public-DraftStyleDefault-ltr\" style=\"font-family: 'comic sans ms', sans-serif;\">\u00a0<\/span><\/div>\n<div data-hook=\"rcv-block29\"><\/div>\n<p id=\"viewer-sj9t\" class=\"xVISr Y9Dpf WkT0MK OZy-3 lnyWN T3Ond1 WkT0MK public-DraftStyleDefault-block-depth0 fixed-tab-size public-DraftStyleDefault-text-ltr\"><span class=\"B2EFF public-DraftStyleDefault-ltr\" style=\"font-family: 'comic sans ms', sans-serif;\"> \u00b7 Copie du carnet du vaccination ou Attestation du m\u00e9decin indiquant que le jeune est \u00e0 jour des vaccinations obligatoires.<\/span><\/p>\n<div data-hook=\"rcv-block30\"><\/div>\n<div id=\"viewer-2j091\" class=\"xVISr Y9Dpf WkT0MK OZy-3 lnyWN T3Ond1 WkT0MK public-DraftStyleDefault-block-depth0 fixed-tab-size public-DraftStyleDefault-text-ltr\"><span class=\"B2EFF public-DraftStyleDefault-ltr\" style=\"font-family: 'comic sans ms', sans-serif;\">\u00a0<\/span><\/div>\n<div data-hook=\"rcv-block31\"><\/div>\n<p id=\"viewer-dljoh\" class=\"xVISr Y9Dpf WkT0MK OZy-3 lnyWN T3Ond1 WkT0MK public-DraftStyleDefault-block-depth0 fixed-tab-size public-DraftStyleDefault-text-ltr\"><span class=\"B2EFF public-DraftStyleDefault-ltr\" style=\"font-family: 'comic sans ms', sans-serif;\"> <strong><u class=\"D-jZk\">Etape 3 \u2013 Confirmation d\u2019inscription ou positionnement sur liste d\u2019attente envoy\u00e9e par mail par les Espaces Jeunes<\/u><\/strong><\/span><\/p>\n<div data-hook=\"rcv-block32\"><\/div>\n<p id=\"viewer-8q31h\" class=\"xVISr Y9Dpf WkT0MK OZy-3 lnyWN T3Ond1 WkT0MK public-DraftStyleDefault-block-depth0 fixed-tab-size public-DraftStyleDefault-text-ltr\"><span class=\"B2EFF public-DraftStyleDefault-ltr\" style=\"font-family: 'comic sans ms', sans-serif;\">N\u2019h\u00e9sitez pas \u00e0 nous contacter pour la moindre question.<\/span><\/p>\n<p>[\/vc_column_text][vc_single_image image=\u00a0\u00bb6564&Prime; img_size=\u00a0\u00bbfull\u00a0\u00bb][\/vc_column][\/vc_row]<\/p>\n","protected":false},"excerpt":{"rendered":"<p>[vc_row][vc_column][vc_column_text] Les trois espaces jeunes du territoire, Arzacq-Arraziguet, Garlin et Serres-Castet accueillent les jeunes \u00e2g\u00e9s de 11 \u00e0 15 ans pour des activit\u00e9s ludiques et sportives pendant les vacances d&rsquo;\u00e9t\u00e9. Au programme cette ann\u00e9e : sorties nature, jeux, musique, karting, cin\u00e9, cuisine, accrobranche &#8230; Programme complet \u00e0 t\u00e9l\u00e9charger ici : [\/vc_column_text][vc_btn title=\u00a0\u00bbAJEUDNA ETE 2023&Prime; style=\u00a0\u00bboutline\u00a0\u00bb &#8230;<\/p>\n","protected":false},"author":5,"featured_media":6565,"comment_status":"closed","ping_status":"open","sticky":false,"template":"","format":"standard","meta":{"footnotes":""},"categories":[1],"tags":[],"class_list":["post-6560","post","type-post","status-publish","format-standard","has-post-thumbnail","hentry","category-non-classe"],"post_mailing_queue_ids":[],"_links":{"self":[{"href":"https:\/\/www.sivosgarlin.fr\/index.php\/wp-json\/wp\/v2\/posts\/6560","targetHints":{"allow":["GET"]}}],"collection":[{"href":"https:\/\/www.sivosgarlin.fr\/index.php\/wp-json\/wp\/v2\/posts"}],"about":[{"href":"https:\/\/www.sivosgarlin.fr\/index.php\/wp-json\/wp\/v2\/types\/post"}],"author":[{"embeddable":true,"href":"https:\/\/www.sivosgarlin.fr\/index.php\/wp-json\/wp\/v2\/users\/5"}],"replies":[{"embeddable":true,"href":"https:\/\/www.sivosgarlin.fr\/index.php\/wp-json\/wp\/v2\/comments?post=6560"}],"version-history":[{"count":1,"href":"https:\/\/www.sivosgarlin.fr\/index.php\/wp-json\/wp\/v2\/posts\/6560\/revisions"}],"predecessor-version":[{"id":6566,"href":"https:\/\/www.sivosgarlin.fr\/index.php\/wp-json\/wp\/v2\/posts\/6560\/revisions\/6566"}],"wp:featuredmedia":[{"embeddable":true,"href":"https:\/\/www.sivosgarlin.fr\/index.php\/wp-json\/wp\/v2\/media\/6565"}],"wp:attachment":[{"href":"https:\/\/www.sivosgarlin.fr\/index.php\/wp-json\/wp\/v2\/media?parent=6560"}],"wp:term":[{"taxonomy":"category","embeddable":true,"href":"https:\/\/www.sivosgarlin.fr\/index.php\/wp-json\/wp\/v2\/categories?post=6560"},{"taxonomy":"post_tag","embeddable":true,"href":"https:\/\/www.sivosgarlin.fr\/index.php\/wp-json\/wp\/v2\/tags?post=6560"}],"curies":[{"name":"wp","href":"https:\/\/api.w.org\/{rel}","templated":true}]}}