{"id":6495,"date":"2023-04-25T17:22:21","date_gmt":"2023-04-25T15:22:21","guid":{"rendered":"https:\/\/www.sivosgarlin.fr\/?p=6495"},"modified":"2023-04-26T13:58:07","modified_gmt":"2023-04-26T11:58:07","slug":"mercredis-alsh-mai-a-juillet","status":"publish","type":"post","link":"https:\/\/www.sivosgarlin.fr\/index.php\/2023\/04\/25\/mercredis-alsh-mai-a-juillet\/","title":{"rendered":"Mercredis ALSH &#8211; Mai \u00e0 Juillet"},"content":{"rendered":"<p>[vc_row][vc_column][vc_tta_accordion][vc_tta_section title=\u00a0\u00bbProgramme d&rsquo;animation\u00a0\u00bb][vc_column_text]Comme \u00e0 chaque p\u00e9riode, les animatrices proposent \u00e0 vos enfants un programme d&rsquo;animation riche et vari\u00e9. Entre activit\u00e9s manuelles, sportives ou culturelles, tout le monde y trouve son compte !<\/p>\n<p>Lors de la prochaine p\u00e9riode scolaire, vos enfants auront l&rsquo;opportunit\u00e9 de s&rsquo;amuser autour du th\u00e8me \u00a0\u00bb ALSH en f\u00eate \u00a0\u00bb<\/p>\n<p>[\/vc_column_text][vc_empty_space height=\u00a0\u00bb25px\u00a0\u00bb]<div class=\"nicdark_divider   small \"><span style=\"background-color:#0b00ea;\" class=\"nicdark_radius\"><\/span><\/div>[vc_empty_space height=\u00a0\u00bb25px\u00a0\u00bb][vc_single_image image=\u00a0\u00bb6496&Prime; img_size=\u00a0\u00bbfull\u00a0\u00bb][\/vc_tta_section][vc_tta_section title=\u00a0\u00bbComment inscrire mon enfant ?\u00a0\u00bb tab_id=\u00a0\u00bb1682509615437-6ae48b6c-878d\u00a0\u00bb][\/vc_tta_section][\/vc_tta_accordion][vc_column_text]Cette ann\u00e9e encore, les inscriptions se font de fa\u00e7on d\u00e9mat\u00e9rialis\u00e9e via l&rsquo;espace famille I&rsquo;No\u00e9 (Lien de connexion :<a href=\"https:\/\/espacefamille.aiga.fr\/index.html?dossier=1356550#connexion&amp;145047\"> https:\/\/espacefamille.aiga.fr\/index.html?dossier=1356550#connexion&amp;145047<\/a>)<br \/>\nPour cela :<br \/>\n&#8211; nouvelles familles : cr\u00e9er un compte Espace famille I\u2019No\u00e9 afin de pouvoir proc\u00e9der aux inscriptions sur nos services.<br \/>\n&#8211; familles dont les enfants \u00e9taient d\u00e9j\u00e0 scolaris\u00e9s sur une des \u00e9coles de Garlin, Boueilh ou Diusse: proc\u00e9der aux inscriptions<br \/>\nsur les activit\u00e9s de l\u2019ann\u00e9e scolaire 2022\/2023 depuis votre espace famille<\/p>\n<p>&nbsp;<\/p>\n<ul>\n<li><strong>Documents obligatoires <\/strong><\/li>\n<\/ul>\n<p>Afin de valider l\u2019inscription de votre enfant, merci d\u2019ins\u00e9rer les documents suivants sur votre espace famille :<\/p>\n<p>&#8211; Attestation d\u2019assurance scolaire ET extrascolaire pour l\u2019ann\u00e9e scolaire 2022\/23<br \/>\n&#8211; Photocopie du carnet de vaccination<br \/>\n&#8211; Attestation de quotient familial CAF 2022 ou l\u2019avis d\u2019imposition 2022 (revenus 2021)<br \/>\n&#8211; Notification d\u2019aide aux temps libres CAF ou bons vacances MSA<\/p>\n<p>Aussi, si vous souhaitez modifier votre adresse mail de contact, veuillez-nous en faire part.<br \/>\n<span style=\"color: #ff0000;\"><strong>Si l\u2019attestation de quotient familial ou l\u2019avis d\u2019imposition 2022 (revenus 2021) ne sont pas fournis, le tarif maximal sera appliqu\u00e9.<\/strong><\/span>[\/vc_column_text][vc_column_text]<strong>Tarifs p\u00e9riscolaires mercredi et ALSH\u00a0<\/strong>[\/vc_column_text][vc_single_image image=\u00a0\u00bb5950&Prime;][vc_column_text]<strong>La grille tarifaire des repas ci-dessous viendra s\u2019ajouter aux tarifs d\u2019accueil.<\/strong>[\/vc_column_text][vc_single_image image=\u00a0\u00bb5949&Prime;][vc_column_text]<em>Exemple :<\/em><br \/>\n<em>Famille A ayant un QF de 1 000 \u20ac avec 2 enfants inscrits \u00e0 l\u2019ALSH :<\/em><br \/>\n<em>Prix de la journ\u00e9e d\u2019ALSH pour les deux enfants : 14,90 \u20ac<\/em><br \/>\n<em>Prix des repas : 3,48 \u20ac x 2 enfants = 6,96 \u20ac<\/em><br \/>\n<em>Prix total de la journ\u00e9e : 21,86 \u20ac<\/em><\/p>\n<p><span style=\"color: #ff0000;\">\u26a0<strong> En cas d\u2019absence injustifi\u00e9e de votre enfant, les services seront factur\u00e9s au tarif en vigueur \u26a0<br \/>\n<\/strong><\/span><br \/>\nSi vous souhaitez inscrire votre enfant <strong>r\u00e9guli\u00e8rement<\/strong> sur nos services, veuillez-nous en avertir par mail \u00e0<br \/>\nservice.animation@sivosgarlin.fr . Toute annulation ou modification de r\u00e9servation rel\u00e8ve de votre responsabilit\u00e9.[\/vc_column_text][\/vc_column][\/vc_row][vc_row][vc_column][vc_column_text]Pour tout compl\u00e9ment d&rsquo;information, n&rsquo;h\u00e9sitez pas \u00e0 nous contacter \u00e0 service.animation@sivosgarlin.fr ou au 06.75.40.82.73.[\/vc_column_text][\/vc_column][\/vc_row][vc_row][vc_column][\/vc_column][\/vc_row]<\/p>\n","protected":false},"excerpt":{"rendered":"<p>[vc_row][vc_column][vc_tta_accordion][vc_tta_section title=\u00a0\u00bbProgramme d&rsquo;animation\u00a0\u00bb][vc_column_text]Comme \u00e0 chaque p\u00e9riode, les animatrices proposent \u00e0 vos enfants un programme d&rsquo;animation riche et vari\u00e9. Entre activit\u00e9s manuelles, sportives ou culturelles, tout le monde y trouve son compte ! Lors de la prochaine p\u00e9riode scolaire, vos enfants auront l&rsquo;opportunit\u00e9 de s&rsquo;amuser autour du th\u00e8me \u00a0\u00bb ALSH en f\u00eate \u00a0\u00bb [\/vc_column_text][vc_empty_space height=\u00a0\u00bb25px\u00a0\u00bb][vc_empty_space height=\u00a0\u00bb25px\u00a0\u00bb][vc_single_image &#8230;<\/p>\n","protected":false},"author":5,"featured_media":5133,"comment_status":"closed","ping_status":"open","sticky":false,"template":"","format":"standard","meta":{"footnotes":""},"categories":[1],"tags":[],"class_list":["post-6495","post","type-post","status-publish","format-standard","has-post-thumbnail","hentry","category-non-classe"],"post_mailing_queue_ids":[],"_links":{"self":[{"href":"https:\/\/www.sivosgarlin.fr\/index.php\/wp-json\/wp\/v2\/posts\/6495","targetHints":{"allow":["GET"]}}],"collection":[{"href":"https:\/\/www.sivosgarlin.fr\/index.php\/wp-json\/wp\/v2\/posts"}],"about":[{"href":"https:\/\/www.sivosgarlin.fr\/index.php\/wp-json\/wp\/v2\/types\/post"}],"author":[{"embeddable":true,"href":"https:\/\/www.sivosgarlin.fr\/index.php\/wp-json\/wp\/v2\/users\/5"}],"replies":[{"embeddable":true,"href":"https:\/\/www.sivosgarlin.fr\/index.php\/wp-json\/wp\/v2\/comments?post=6495"}],"version-history":[{"count":12,"href":"https:\/\/www.sivosgarlin.fr\/index.php\/wp-json\/wp\/v2\/posts\/6495\/revisions"}],"predecessor-version":[{"id":6510,"href":"https:\/\/www.sivosgarlin.fr\/index.php\/wp-json\/wp\/v2\/posts\/6495\/revisions\/6510"}],"wp:featuredmedia":[{"embeddable":true,"href":"https:\/\/www.sivosgarlin.fr\/index.php\/wp-json\/wp\/v2\/media\/5133"}],"wp:attachment":[{"href":"https:\/\/www.sivosgarlin.fr\/index.php\/wp-json\/wp\/v2\/media?parent=6495"}],"wp:term":[{"taxonomy":"category","embeddable":true,"href":"https:\/\/www.sivosgarlin.fr\/index.php\/wp-json\/wp\/v2\/categories?post=6495"},{"taxonomy":"post_tag","embeddable":true,"href":"https:\/\/www.sivosgarlin.fr\/index.php\/wp-json\/wp\/v2\/tags?post=6495"}],"curies":[{"name":"wp","href":"https:\/\/api.w.org\/{rel}","templated":true}]}}