{"id":6134,"date":"2022-11-28T13:03:45","date_gmt":"2022-11-28T12:03:45","guid":{"rendered":"https:\/\/www.sivosgarlin.fr\/?p=6134"},"modified":"2022-12-02T17:04:13","modified_gmt":"2022-12-02T16:04:13","slug":"espace-jeunes-sejour-hiver-2023","status":"publish","type":"post","link":"https:\/\/www.sivosgarlin.fr\/index.php\/2022\/11\/28\/espace-jeunes-sejour-hiver-2023\/","title":{"rendered":"Espace Jeunes &#8211; S\u00e9jour Hiver 2023"},"content":{"rendered":"<p>[vc_row][vc_column][vc_column_text]<\/p>\n<p id=\"viewer-foo\" class=\"mm8Nw _1j-51 roLFQS _1FoOD _3M0Fe Z63qyL roLFQS public-DraftStyleDefault-block-depth0 fixed-tab-size public-DraftStyleDefault-text-ltr\"><span class=\"_2PHJq public-DraftStyleDefault-ltr\" style=\"font-family: arial, helvetica, sans-serif;\">Les Espaces Jeunes \u00e0 Arzacq, Garlin et Serres-Castet, pilot\u00e9s et financ\u00e9s par la CCLB, proposent pour la 3\u00e8me ann\u00e9e un s\u00e9jour hiver destin\u00e9 aux coll\u00e9giens scolaris\u00e9s et\/ou r\u00e9sidants sur le territoire intercommunal. <\/span><\/p>\n<div data-hook=\"rcv-block1\"><\/div>\n<p id=\"viewer-dfve5\" class=\"mm8Nw _1j-51 roLFQS _1FoOD _3M0Fe Z63qyL roLFQS public-DraftStyleDefault-block-depth0 fixed-tab-size public-DraftStyleDefault-text-ltr\"><span class=\"_2PHJq public-DraftStyleDefault-ltr\"><span style=\"font-family: arial, helvetica, sans-serif;\">Il se d\u00e9roulera <strong>du 6 au 10 f\u00e9vrier 2023 \u00e0 Lescun<\/strong>, dans un superbe cadre !<\/span> <\/span><\/p>\n<p>[\/vc_column_text][vc_single_image image=\u00a0\u00bb6135&Prime; img_size=\u00a0\u00bblarge\u00a0\u00bb onclick=\u00a0\u00bbimg_link_large\u00a0\u00bb][vc_column_text]<\/p>\n<p id=\"viewer-bn0ha\" class=\"mm8Nw _1j-51 roLFQS _1FoOD _3M0Fe Z63qyL roLFQS public-DraftStyleDefault-block-depth0 fixed-tab-size public-DraftStyleDefault-text-ltr\"><span class=\"_2PHJq public-DraftStyleDefault-ltr\" style=\"font-family: arial, helvetica, sans-serif;\">\u2022 S\u00e9jour en pension compl\u00e8te au Refuge de l\u2019Ab\u00e9rouat, qui domine le superbe cirque de Lescun.<\/span><\/p>\n<p id=\"viewer-5qgb8\" class=\"mm8Nw _1j-51 roLFQS _1FoOD _3M0Fe Z63qyL roLFQS public-DraftStyleDefault-block-depth0 fixed-tab-size public-DraftStyleDefault-text-ltr\"><span class=\"_2PHJq public-DraftStyleDefault-ltr\" style=\"font-family: arial, helvetica, sans-serif;\">\u2022 Activit\u00e9s sportives, de pleine nature et de d\u00e9couvertes culturelles (cf. Affiche)<\/span><\/p>\n<p id=\"viewer-c37rg\" class=\"mm8Nw _1j-51 roLFQS _1FoOD _3M0Fe Z63qyL roLFQS public-DraftStyleDefault-block-depth0 fixed-tab-size public-DraftStyleDefault-text-ltr\"><span class=\"_2PHJq public-DraftStyleDefault-ltr\" style=\"font-family: arial, helvetica, sans-serif;\">\u2022 Tarif du s\u00e9jour en fonction de Quotient Familial<\/span><\/p>\n<p>[\/vc_column_text][vc_single_image image=\u00a0\u00bb6136&Prime; img_size=\u00a0\u00bblarge\u00a0\u00bb onclick=\u00a0\u00bbimg_link_large\u00a0\u00bb][vc_column_text]<\/p>\n<p id=\"viewer-7ouk2\" class=\"mm8Nw _1j-51 roLFQS _1FoOD _3M0Fe Z63qyL roLFQS public-DraftStyleDefault-block-depth0 fixed-tab-size public-DraftStyleDefault-text-ltr\"><span class=\"_2PHJq public-DraftStyleDefault-ltr\" style=\"font-size: 14pt;\"><strong>Pr\u00e9-inscriptions : comment \u00e7a marche ?<\/strong><\/span><\/p>\n<p id=\"viewer-crpq9\" class=\"mm8Nw _1j-51 roLFQS _1FoOD _3M0Fe Z63qyL roLFQS public-DraftStyleDefault-block-depth0 fixed-tab-size public-DraftStyleDefault-text-ltr\"><span class=\"_2PHJq public-DraftStyleDefault-ltr\" style=\"font-family: arial, helvetica, sans-serif; font-size: 10pt; color: #000000;\">J&rsquo;effectue la pr\u00e9-inscription sur le formulaire en ligne <u class=\"_3zM-5\">jusqu&rsquo;au 12 d\u00e9cembre minuit, dernier d\u00e9lai<\/u> : <a class=\"_3Bkfb _1lsz7\" style=\"color: #000000;\" href=\"https:\/\/forms.gle\/Dey9iZ2byY1H87KM9\" target=\"_blank\" rel=\"noopener noreferrer\" data-hook=\"linkViewer\"><strong><span style=\"color: #0000ff;\">https:\/\/forms.gle\/Dey9iZ2byY1H87KM9<\/span><\/strong><\/a> Les places \u00e9tant limit\u00e9es, les retardataires ne seront pas pris en compte.<\/span><\/p>\n<ol class=\"public-DraftStyleDefault-ol\">\n<li id=\"viewer-an2f1\" class=\"roLFQS _2ULPL public-DraftStyleDefault-orderedListItem public-DraftStyleDefault-depth0 public-DraftStyleDefault-list-ltr fixed-tab-size public-DraftStyleDefault-reset _1FoOD _3M0Fe Z63qyL roLFQS\">\n<p class=\"_1j-51 _1FoOD _3M0Fe Z63qyL roLFQS\"><span style=\"font-family: arial, helvetica, sans-serif; font-size: 10pt; color: #000000;\">Je re\u00e7ois une confirmation de pr\u00e9-inscription les jours suivant la d\u00e9marche effectu\u00e9e en ligne.<\/span><\/p>\n<\/li>\n<li id=\"viewer-1t50u\" class=\"roLFQS _2ULPL public-DraftStyleDefault-orderedListItem public-DraftStyleDefault-depth0 public-DraftStyleDefault-list-ltr fixed-tab-size _1FoOD _3M0Fe Z63qyL roLFQS\">\n<p class=\"_1j-51 _1FoOD _3M0Fe Z63qyL roLFQS\"><span style=\"font-family: arial, helvetica, sans-serif; font-size: 10pt; color: #000000;\">Apr\u00e8s concertation entre les \u00e9quipes \u00e9ducatives des 3 Espaces Jeunes suivant des crit\u00e8res d\u00e9finis, vous recevrez un mail le 13 d\u00e9cembre vous indiquant si votre(vos) enfant(s) est(sont) retenu(s) au s\u00e9jour ou s&rsquo;il(s) est(sont) positionn\u00e9(s) sur liste d&rsquo;attente.<\/span><\/p>\n<\/li>\n<li id=\"viewer-br3ec\" class=\"roLFQS _2ULPL public-DraftStyleDefault-orderedListItem public-DraftStyleDefault-depth0 public-DraftStyleDefault-list-ltr fixed-tab-size _1FoOD _3M0Fe Z63qyL roLFQS\">\n<p class=\"_1j-51 _1FoOD _3M0Fe Z63qyL roLFQS\"><span style=\"font-family: arial, helvetica, sans-serif; color: #000000; font-size: 10pt;\">Pour les jeunes retenus, les familles devront confirmer la participation au s\u00e9jour avant le 20 d\u00e9cembre et retourner les documents demand\u00e9s d&rsquo;ici le 13 janvier.<\/span><\/p>\n<\/li>\n<\/ol>\n<p>[\/vc_column_text][vc_column_text]<\/p>\n<p style=\"text-align: left;\"><span style=\"font-family: 'arial black', sans-serif; font-size: 12pt;\">Pour tout renseignement compl\u00e9mentaire, n&rsquo;h\u00e9sitez pas \u00e0 contacter la directrice du s\u00e9jour, Lauren Culbertson de l&rsquo;espace jeunes du Centre Alexis Peyret : 06 45 65 35 40 ou <a class=\"_3Bkfb _1lsz7\" href=\"http:\/\/espacejeunes@csap.fr\/\" target=\"_blank\" rel=\"noopener noreferrer\" data-hook=\"linkViewer\">espacejeunes@csap.fr<\/a><\/span><\/p>\n<p>[\/vc_column_text][\/vc_column][\/vc_row]<\/p>\n","protected":false},"excerpt":{"rendered":"<p>[vc_row][vc_column][vc_column_text] Les Espaces Jeunes \u00e0 Arzacq, Garlin et Serres-Castet, pilot\u00e9s et financ\u00e9s par la CCLB, proposent pour la 3\u00e8me ann\u00e9e un s\u00e9jour hiver destin\u00e9 aux coll\u00e9giens scolaris\u00e9s et\/ou r\u00e9sidants sur le territoire intercommunal. Il se d\u00e9roulera du 6 au 10 f\u00e9vrier 2023 \u00e0 Lescun, dans un superbe cadre ! [\/vc_column_text][vc_single_image image=\u00a0\u00bb6135&Prime; img_size=\u00a0\u00bblarge\u00a0\u00bb onclick=\u00a0\u00bbimg_link_large\u00a0\u00bb][vc_column_text] \u2022 S\u00e9jour &#8230;<\/p>\n","protected":false},"author":5,"featured_media":6142,"comment_status":"closed","ping_status":"open","sticky":false,"template":"","format":"standard","meta":{"footnotes":""},"categories":[1],"tags":[],"class_list":["post-6134","post","type-post","status-publish","format-standard","has-post-thumbnail","hentry","category-non-classe"],"post_mailing_queue_ids":[],"_links":{"self":[{"href":"https:\/\/www.sivosgarlin.fr\/index.php\/wp-json\/wp\/v2\/posts\/6134","targetHints":{"allow":["GET"]}}],"collection":[{"href":"https:\/\/www.sivosgarlin.fr\/index.php\/wp-json\/wp\/v2\/posts"}],"about":[{"href":"https:\/\/www.sivosgarlin.fr\/index.php\/wp-json\/wp\/v2\/types\/post"}],"author":[{"embeddable":true,"href":"https:\/\/www.sivosgarlin.fr\/index.php\/wp-json\/wp\/v2\/users\/5"}],"replies":[{"embeddable":true,"href":"https:\/\/www.sivosgarlin.fr\/index.php\/wp-json\/wp\/v2\/comments?post=6134"}],"version-history":[{"count":6,"href":"https:\/\/www.sivosgarlin.fr\/index.php\/wp-json\/wp\/v2\/posts\/6134\/revisions"}],"predecessor-version":[{"id":6145,"href":"https:\/\/www.sivosgarlin.fr\/index.php\/wp-json\/wp\/v2\/posts\/6134\/revisions\/6145"}],"wp:featuredmedia":[{"embeddable":true,"href":"https:\/\/www.sivosgarlin.fr\/index.php\/wp-json\/wp\/v2\/media\/6142"}],"wp:attachment":[{"href":"https:\/\/www.sivosgarlin.fr\/index.php\/wp-json\/wp\/v2\/media?parent=6134"}],"wp:term":[{"taxonomy":"category","embeddable":true,"href":"https:\/\/www.sivosgarlin.fr\/index.php\/wp-json\/wp\/v2\/categories?post=6134"},{"taxonomy":"post_tag","embeddable":true,"href":"https:\/\/www.sivosgarlin.fr\/index.php\/wp-json\/wp\/v2\/tags?post=6134"}],"curies":[{"name":"wp","href":"https:\/\/api.w.org\/{rel}","templated":true}]}}