{"id":6070,"date":"2022-10-19T14:53:45","date_gmt":"2022-10-19T12:53:45","guid":{"rendered":"https:\/\/www.sivosgarlin.fr\/?p=6070"},"modified":"2022-10-19T14:53:45","modified_gmt":"2022-10-19T12:53:45","slug":"conseil-communautaire-de-jeunes","status":"publish","type":"post","link":"https:\/\/www.sivosgarlin.fr\/index.php\/2022\/10\/19\/conseil-communautaire-de-jeunes\/","title":{"rendered":"Conseil Communautaire de Jeunes"},"content":{"rendered":"<p>[vc_row][vc_column][vc_column_text]Le Conseil Communautaire de Jeunes (de la 6<sup>\u00e8me<\/sup> \u00e0 la 3<sup>\u00e8me<\/sup>) se r\u00e9unit pour la 1<sup>\u00e8re<\/sup> fois durant ces vacances d\u2019Automne. Votre enfant est int\u00e9ress\u00e9 mais n\u2019est pas s\u00fbr de s\u2019y engager\u00a0? Il ne sait pas \u00e0 quoi s\u2019attendre\u00a0? Alors cette rencontre est faite pour lui\u00a0et l\u2019aidera \u00e0 d\u00e9cider s\u2019il rejoint l\u2019aventure du CCJ, ou pas !<\/p>\n<p>&nbsp;<\/p>\n<p>Elle a lieu\u00a0: <strong>Lundi 24 octobre de 14h \u00e0 17h, \u00e0 la P\u00e9pini\u00e8re d\u2019entrerise Espelida<\/strong> (Parc d&rsquo;activit\u00e9s \u00e9conomiques Th\u00e8ze-Miossens &#8211; 64450 Miossens-Lanusse). Le site dispose d\u2019une salle et d\u2019une grande terrasse adapt\u00e9e \u00e0 l\u2019accueil des jeunes\u00a0!<\/p>\n<p>Pour y participer, il suffit d\u2019envoyer un mail \u00e0 cette adresse\u00a0: <a href=\"mailto:adelinetoral@cclb64.fr\">adelinetoral@cclb64.fr<\/a> ou un message au 07 87 21 01 38.[\/vc_column_text][vc_single_image image=\u00a0\u00bb6071&Prime; img_size=\u00a0\u00bblarge\u00a0\u00bb onclick=\u00a0\u00bbimg_link_large\u00a0\u00bb img_link_target=\u00a0\u00bb_blank\u00a0\u00bb][\/vc_column][\/vc_row][vc_row][vc_column][\/vc_column][\/vc_row]<\/p>\n","protected":false},"excerpt":{"rendered":"<p>[vc_row][vc_column][vc_column_text]Le Conseil Communautaire de Jeunes (de la 6\u00e8me \u00e0 la 3\u00e8me) se r\u00e9unit pour la 1\u00e8re fois durant ces vacances d\u2019Automne. Votre enfant est int\u00e9ress\u00e9 mais n\u2019est pas s\u00fbr de s\u2019y engager\u00a0? Il ne sait pas \u00e0 quoi s\u2019attendre\u00a0? Alors cette rencontre est faite pour lui\u00a0et l\u2019aidera \u00e0 d\u00e9cider s\u2019il rejoint l\u2019aventure du CCJ, ou &#8230;<\/p>\n","protected":false},"author":5,"featured_media":6072,"comment_status":"closed","ping_status":"open","sticky":false,"template":"","format":"standard","meta":{"footnotes":""},"categories":[1],"tags":[],"class_list":["post-6070","post","type-post","status-publish","format-standard","has-post-thumbnail","hentry","category-non-classe"],"post_mailing_queue_ids":[],"_links":{"self":[{"href":"https:\/\/www.sivosgarlin.fr\/index.php\/wp-json\/wp\/v2\/posts\/6070","targetHints":{"allow":["GET"]}}],"collection":[{"href":"https:\/\/www.sivosgarlin.fr\/index.php\/wp-json\/wp\/v2\/posts"}],"about":[{"href":"https:\/\/www.sivosgarlin.fr\/index.php\/wp-json\/wp\/v2\/types\/post"}],"author":[{"embeddable":true,"href":"https:\/\/www.sivosgarlin.fr\/index.php\/wp-json\/wp\/v2\/users\/5"}],"replies":[{"embeddable":true,"href":"https:\/\/www.sivosgarlin.fr\/index.php\/wp-json\/wp\/v2\/comments?post=6070"}],"version-history":[{"count":1,"href":"https:\/\/www.sivosgarlin.fr\/index.php\/wp-json\/wp\/v2\/posts\/6070\/revisions"}],"predecessor-version":[{"id":6073,"href":"https:\/\/www.sivosgarlin.fr\/index.php\/wp-json\/wp\/v2\/posts\/6070\/revisions\/6073"}],"wp:featuredmedia":[{"embeddable":true,"href":"https:\/\/www.sivosgarlin.fr\/index.php\/wp-json\/wp\/v2\/media\/6072"}],"wp:attachment":[{"href":"https:\/\/www.sivosgarlin.fr\/index.php\/wp-json\/wp\/v2\/media?parent=6070"}],"wp:term":[{"taxonomy":"category","embeddable":true,"href":"https:\/\/www.sivosgarlin.fr\/index.php\/wp-json\/wp\/v2\/categories?post=6070"},{"taxonomy":"post_tag","embeddable":true,"href":"https:\/\/www.sivosgarlin.fr\/index.php\/wp-json\/wp\/v2\/tags?post=6070"}],"curies":[{"name":"wp","href":"https:\/\/api.w.org\/{rel}","templated":true}]}}