{"id":6023,"date":"2022-10-03T10:43:21","date_gmt":"2022-10-03T08:43:21","guid":{"rendered":"https:\/\/www.sivosgarlin.fr\/?p=6023"},"modified":"2022-10-05T09:10:52","modified_gmt":"2022-10-05T07:10:52","slug":"espace-jeunes-automne-2022","status":"publish","type":"post","link":"https:\/\/www.sivosgarlin.fr\/index.php\/2022\/10\/03\/espace-jeunes-automne-2022\/","title":{"rendered":"Espace Jeunes &#8211; Automne 2022"},"content":{"rendered":"<p>[vc_row][vc_column][vc_column_text]<\/p>\n<p id=\"viewer-foo\" class=\"mm8Nw _1j-51 roLFQS _1FoOD _3M0Fe Z63qyL roLFQS public-DraftStyleDefault-block-depth0 fixed-tab-size public-DraftStyleDefault-text-ltr\"><span class=\"_2PHJq public-DraftStyleDefault-ltr\">Les trois espaces jeunes du territoire, Arzacq-Arraziguet, Garlin et Serres-Castet accueillent les jeunes \u00e2g\u00e9s de 11 \u00e0 15 ans pour des activit\u00e9s ludiques, culturelles et sportives pendant les vacances de la Toussaint.<\/span><\/p>\n<div data-hook=\"rcv-block1\"><\/div>\n<div id=\"viewer-fsh26\" class=\"mm8Nw _1j-51 roLFQS _1FoOD _3M0Fe Z63qyL roLFQS public-DraftStyleDefault-block-depth0 fixed-tab-size public-DraftStyleDefault-text-ltr\"><span class=\"_2PHJq public-DraftStyleDefault-ltr\">\u00a0<\/span><\/div>\n<div data-hook=\"rcv-block2\"><\/div>\n<p id=\"viewer-773lr\" class=\"mm8Nw _1j-51 roLFQS _1FoOD _3M0Fe Z63qyL roLFQS public-DraftStyleDefault-block-depth0 fixed-tab-size public-DraftStyleDefault-text-ltr\"><span class=\"_2PHJq public-DraftStyleDefault-ltr\">Programme complet \u00e0 t\u00e9l\u00e9charger ici<\/span><\/p>\n<p>[\/vc_column_text][vc_btn title=\u00a0\u00bbAjeunda Automne 2022&Prime; style=\u00a0\u00bbclassic\u00a0\u00bb color=\u00a0\u00bbwarning\u00a0\u00bb size=\u00a0\u00bbsm\u00a0\u00bb i_icon_fontawesome=\u00a0\u00bbfa fa-file-pdf-o\u00a0\u00bb link=\u00a0\u00bburl:https%3A%2F%2Fwww.sivosgarlin.fr%2Fwp-content%2Fuploads%2F2022%2F10%2FAjeunda-Animations-Jeunesse-Automne-2022.pdf||\u00a0\u00bb add_icon=\u00a0\u00bbtrue\u00a0\u00bb][vc_single_image image=\u00a0\u00bb6025&Prime; img_size=\u00a0\u00bblarge\u00a0\u00bb][vc_empty_space height=\u00a0\u00bb25px\u00a0\u00bb][vc_column_text]<\/p>\n<p id=\"viewer-d15g5\" class=\"mm8Nw _1j-51 roLFQS _1FoOD _3M0Fe Z63qyL roLFQS public-DraftStyleDefault-block-depth0 fixed-tab-size public-DraftStyleDefault-text-ltr\"><span class=\"_2PHJq public-DraftStyleDefault-ltr\"><em><u class=\"_3zM-5\">Crit\u00e8res de priorit\u00e9<\/u> : <\/em><\/span><\/p>\n<p id=\"viewer-48k8k\" class=\"mm8Nw _1j-51 roLFQS _1FoOD _3M0Fe Z63qyL roLFQS public-DraftStyleDefault-block-depth0 fixed-tab-size public-DraftStyleDefault-text-ltr\"><span class=\"_2PHJq public-DraftStyleDefault-ltr\">L\u2019accueil est r\u00e9serv\u00e9 en priorit\u00e9 aux jeunes actuellement coll\u00e9giens r\u00e9sidants et\/ou scolaris\u00e9s sur le territoire intercommunal. <\/span><\/p>\n<h3 id=\"viewer-6a8b3\" class=\"_3qMKZ _1j-51 _1FoOD _3M0Fe Z63qyL roLFQS public-DraftStyleDefault-block-depth0 fixed-tab-size public-DraftStyleDefault-text-ltr\"><span class=\"_2PHJq public-DraftStyleDefault-ltr\"><strong>Proc\u00e9dure d\u2019inscription : <\/strong><\/span><\/h3>\n<p id=\"viewer-51aj5\" class=\"mm8Nw _1j-51 roLFQS _1FoOD _3M0Fe Z63qyL roLFQS public-DraftStyleDefault-block-depth0 fixed-tab-size public-DraftStyleDefault-text-ltr\"><span class=\"_2PHJq public-DraftStyleDefault-ltr\"><strong><u class=\"_3zM-5\">Etape 1 &#8211; Pr\u00e9-inscription via ce lien sur l\u2019Espace Jeunes de votre territoire ou par t\u00e9l\u00e9phone <\/u><\/strong><\/span><\/p>\n<p id=\"viewer-d03ke\" class=\"mm8Nw _1j-51 roLFQS _1FoOD _3M0Fe Z63qyL roLFQS public-DraftStyleDefault-block-depth0 fixed-tab-size public-DraftStyleDefault-text-ltr\"><span class=\"_2PHJq public-DraftStyleDefault-ltr\"> \u00b7 Espace Jeunes Arzacq : <a class=\"_3Bkfb _1lsz7\" href=\"https:\/\/forms.gle\/TdJhQBBxnjMZEE7u5\" target=\"_blank\" rel=\"noopener noreferrer\" data-hook=\"linkViewer\">https:\/\/forms.gle\/TdJhQBBxnjMZEE7u5<\/a><\/span><\/p>\n<p id=\"viewer-ftbi3\" class=\"mm8Nw _1j-51 roLFQS _1FoOD _3M0Fe Z63qyL roLFQS public-DraftStyleDefault-block-depth0 fixed-tab-size public-DraftStyleDefault-text-ltr\"><span class=\"_2PHJq public-DraftStyleDefault-ltr\">Contact : 07 87 21 01 38 \u2013 <a class=\"_3Bkfb _1lsz7\" href=\"mailto:animationjeunesse@cclb64.fr\" target=\"_blank\" rel=\"noopener noreferrer\" data-hook=\"linkViewer\">animationjeunesse@cclb64.fr<\/a><\/span><\/p>\n<div data-hook=\"rcv-block14\"><\/div>\n<p id=\"viewer-1vd31\" class=\"mm8Nw _1j-51 roLFQS _1FoOD _3M0Fe Z63qyL roLFQS public-DraftStyleDefault-block-depth0 fixed-tab-size public-DraftStyleDefault-text-ltr\"><span class=\"_2PHJq public-DraftStyleDefault-ltr\"> \u00b7 Espace Jeunes Garlin : <a class=\"_3Bkfb _1lsz7\" href=\"https:\/\/espacefamille.aiga.fr\/1356550\" target=\"_blank\" rel=\"noopener noreferrer\" data-hook=\"linkViewer\">https:\/\/espacefamille.aiga.fr\/1356550<\/a><\/span><\/p>\n<p id=\"viewer-dcvi7\" class=\"mm8Nw _1j-51 roLFQS _1FoOD _3M0Fe Z63qyL roLFQS public-DraftStyleDefault-block-depth0 fixed-tab-size public-DraftStyleDefault-text-ltr\"><span class=\"_2PHJq public-DraftStyleDefault-ltr\">Contact : 07 88 66 60 64 \u2013 <a class=\"_3Bkfb _1lsz7\" href=\"mailto:service.animation@sivosgarlin.fr\" target=\"_blank\" rel=\"noopener noreferrer\" data-hook=\"linkViewer\">service.animation@sivosgarlin.fr<\/a><\/span><\/p>\n<div data-hook=\"rcv-block17\"><\/div>\n<p id=\"viewer-e5khn\" class=\"mm8Nw _1j-51 roLFQS _1FoOD _3M0Fe Z63qyL roLFQS public-DraftStyleDefault-block-depth0 fixed-tab-size public-DraftStyleDefault-text-ltr\"><span class=\"_2PHJq public-DraftStyleDefault-ltr\"> \u00b7 Espace Jeunes Serres-Castet : <a class=\"_3Bkfb _1lsz7\" href=\"https:\/\/forms.gle\/QWp6x3yHzbnU4nrv9\" target=\"_blank\" rel=\"noopener noreferrer\" data-hook=\"linkViewer\">https:\/\/forms.gle\/QWp6x3yHzbnU4nrv9<\/a><\/span><\/p>\n<p id=\"viewer-8stt3\" class=\"mm8Nw _1j-51 roLFQS _1FoOD _3M0Fe Z63qyL roLFQS public-DraftStyleDefault-block-depth0 fixed-tab-size public-DraftStyleDefault-text-ltr\"><span class=\"_2PHJq public-DraftStyleDefault-ltr\">Contact : 05 59 33 11 66 \u2013 <a class=\"_3Bkfb _1lsz7\" href=\"mailto:service.animation@sivosgarlin.fr\" target=\"_blank\" rel=\"noopener noreferrer\" data-hook=\"linkViewer\">espacejeunes@csap.fr <\/a><\/span><\/p>\n<div data-hook=\"rcv-block20\"><\/div>\n<p id=\"viewer-ckbfr\" class=\"mm8Nw _1j-51 roLFQS _1FoOD _3M0Fe Z63qyL roLFQS public-DraftStyleDefault-block-depth0 fixed-tab-size public-DraftStyleDefault-text-ltr\"><span class=\"_2PHJq public-DraftStyleDefault-ltr\"><strong><u class=\"_3zM-5\">Etape 2 &#8211; Envoi \u00e0 l\u2019Espace Jeunes concern\u00e9 ou d\u00e9p\u00f4t des documents obligatoires <\/u><\/strong><\/span><\/p>\n<p id=\"viewer-8bnng\" class=\"mm8Nw _1j-51 roLFQS _1FoOD _3M0Fe Z63qyL roLFQS public-DraftStyleDefault-block-depth0 fixed-tab-size public-DraftStyleDefault-text-ltr\"><span class=\"_2PHJq public-DraftStyleDefault-ltr\">Uniquement pour ceux n\u2019ayant pas particip\u00e9 \u00e0 au moins 1 activit\u00e9 sur un Espace Jeunes durant les pr\u00e9c\u00e9dentes vacances de l\u2019ann\u00e9e scolaire 2021-2022.<\/span><\/p>\n<p id=\"viewer-bnnr3\" class=\"mm8Nw _1j-51 roLFQS _1FoOD _3M0Fe Z63qyL roLFQS public-DraftStyleDefault-block-depth0 fixed-tab-size public-DraftStyleDefault-text-ltr\"><span class=\"_2PHJq public-DraftStyleDefault-ltr\">\u00b7 Fiche de renseignement obligatoire (\u00e0 t\u00e9l\u00e9charger).<\/span><\/p>\n<div data-hook=\"rcv-block24\"><\/div>\n<div id=\"viewer-206pb\" class=\"_2vd5k b6lcWf\">\n<div class=\"_3CWa- sxFoib sxFoib _3mymk\">\n<div class=\"_3AHq4\" data-hook=\"fileUploadViewer\">\n<div class=\"_1oV8J\" tabindex=\"0\" role=\"button\">\n<div class=\"_3_Vft\"><\/div>\n<div class=\"_1wZzG\">\n<div class=\"_2rJcG\"><\/div>\n<\/div>\n<\/div>\n<\/div>\n<\/div>\n<\/div>\n<p>[\/vc_column_text][vc_btn title=\u00a0\u00bbFiche de renseignements Espaces jeunes 2022-2023&Prime; style=\u00a0\u00bbclassic\u00a0\u00bb color=\u00a0\u00bbwarning\u00a0\u00bb size=\u00a0\u00bbsm\u00a0\u00bb i_icon_fontawesome=\u00a0\u00bbfa fa-file-pdf-o\u00a0\u00bb link=\u00a0\u00bburl:https%3A%2F%2Fwww.sivosgarlin.fr%2Fwp-content%2Fuploads%2F2022%2F10%2FFiche-renseignement-sanitaire-Espaces-Jeunes-2022-2023.pdf||\u00a0\u00bb add_icon=\u00a0\u00bbtrue\u00a0\u00bb][vc_column_text]<\/p>\n<p id=\"viewer-ckr2q\" class=\"mm8Nw _1j-51 roLFQS _1FoOD _3M0Fe Z63qyL roLFQS public-DraftStyleDefault-block-depth0 fixed-tab-size public-DraftStyleDefault-text-ltr\"><span class=\"_2PHJq public-DraftStyleDefault-ltr\"> \u00b7 Allocataires &#8211; Attestation de quotient familial CAF-MSA \/ attestation ATL CAF ou bon vacances MSA <\/span><\/p>\n<p id=\"viewer-7d5hm\" class=\"mm8Nw _1j-51 roLFQS _1FoOD _3M0Fe Z63qyL roLFQS public-DraftStyleDefault-block-depth0 fixed-tab-size public-DraftStyleDefault-text-ltr\"><span class=\"_2PHJq public-DraftStyleDefault-ltr\"> Non allocataires \u2013 le dernier avis d\u2019imposition.<\/span><\/p>\n<p id=\"viewer-72plq\" class=\"mm8Nw _1j-51 roLFQS _1FoOD _3M0Fe Z63qyL roLFQS public-DraftStyleDefault-block-depth0 fixed-tab-size public-DraftStyleDefault-text-ltr\"><span class=\"_2PHJq public-DraftStyleDefault-ltr\"> \u00b7 Copie du carnet du vaccination ou Attestation du m\u00e9decin indiquant que le jeune est \u00e0 jour des vaccinations obligatoires.<\/span><\/p>\n<p id=\"viewer-25blg\" class=\"mm8Nw _1j-51 roLFQS _1FoOD _3M0Fe Z63qyL roLFQS public-DraftStyleDefault-block-depth0 fixed-tab-size public-DraftStyleDefault-text-ltr\"><span class=\"_2PHJq public-DraftStyleDefault-ltr\"> <strong><u class=\"_3zM-5\">Etape 3 \u2013 Confirmation d\u2019inscription ou positionnement sur liste d\u2019attente envoy\u00e9e par mail par les Espaces Jeunes<\/u><\/strong><\/span><\/p>\n<p id=\"viewer-blebg\" class=\"mm8Nw _1j-51 roLFQS _1FoOD _3M0Fe Z63qyL roLFQS public-DraftStyleDefault-block-depth0 fixed-tab-size public-DraftStyleDefault-text-ltr\"><span class=\"_2PHJq public-DraftStyleDefault-ltr\">N\u2019h\u00e9sitez pas \u00e0 nous contacter pour la moindre question.<\/span><\/p>\n<div id=\"viewer-etebc\" class=\"mm8Nw _1j-51 roLFQS _1FoOD _3M0Fe Z63qyL roLFQS public-DraftStyleDefault-block-depth0 fixed-tab-size public-DraftStyleDefault-text-ltr\"><\/div>\n<div data-hook=\"rcv-block32\"><\/div>\n<p id=\"viewer-p70b\" class=\"mm8Nw _1j-51 roLFQS _1FoOD _3M0Fe Z63qyL roLFQS public-DraftStyleDefault-block-depth0 fixed-tab-size public-DraftStyleDefault-text-ltr\"><span class=\"_2PHJq public-DraftStyleDefault-ltr\">Renseignements &#8211; 05 59 04 78 64\u00a0<\/span><\/p>\n<p>[\/vc_column_text][\/vc_column][\/vc_row]<\/p>\n","protected":false},"excerpt":{"rendered":"<p>[vc_row][vc_column][vc_column_text] Les trois espaces jeunes du territoire, Arzacq-Arraziguet, Garlin et Serres-Castet accueillent les jeunes \u00e2g\u00e9s de 11 \u00e0 15 ans pour des activit\u00e9s ludiques, culturelles et sportives pendant les vacances de la Toussaint. \u00a0 Programme complet \u00e0 t\u00e9l\u00e9charger ici [\/vc_column_text][vc_btn title=\u00a0\u00bbAjeunda Automne 2022&Prime; style=\u00a0\u00bbclassic\u00a0\u00bb color=\u00a0\u00bbwarning\u00a0\u00bb size=\u00a0\u00bbsm\u00a0\u00bb i_icon_fontawesome=\u00a0\u00bbfa fa-file-pdf-o\u00a0\u00bb link=\u00a0\u00bburl:https%3A%2F%2Fwww.sivosgarlin.fr%2Fwp-content%2Fuploads%2F2022%2F10%2FAjeunda-Animations-Jeunesse-Automne-2022.pdf||\u00a0\u00bb add_icon=\u00a0\u00bbtrue\u00a0\u00bb][vc_single_image image=\u00a0\u00bb6025&Prime; img_size=\u00a0\u00bblarge\u00a0\u00bb][vc_empty_space height=\u00a0\u00bb25px\u00a0\u00bb][vc_column_text] Crit\u00e8res de &#8230;<\/p>\n","protected":false},"author":5,"featured_media":6029,"comment_status":"closed","ping_status":"open","sticky":false,"template":"","format":"standard","meta":{"footnotes":""},"categories":[1],"tags":[],"class_list":["post-6023","post","type-post","status-publish","format-standard","has-post-thumbnail","hentry","category-non-classe"],"post_mailing_queue_ids":[],"_links":{"self":[{"href":"https:\/\/www.sivosgarlin.fr\/index.php\/wp-json\/wp\/v2\/posts\/6023","targetHints":{"allow":["GET"]}}],"collection":[{"href":"https:\/\/www.sivosgarlin.fr\/index.php\/wp-json\/wp\/v2\/posts"}],"about":[{"href":"https:\/\/www.sivosgarlin.fr\/index.php\/wp-json\/wp\/v2\/types\/post"}],"author":[{"embeddable":true,"href":"https:\/\/www.sivosgarlin.fr\/index.php\/wp-json\/wp\/v2\/users\/5"}],"replies":[{"embeddable":true,"href":"https:\/\/www.sivosgarlin.fr\/index.php\/wp-json\/wp\/v2\/comments?post=6023"}],"version-history":[{"count":3,"href":"https:\/\/www.sivosgarlin.fr\/index.php\/wp-json\/wp\/v2\/posts\/6023\/revisions"}],"predecessor-version":[{"id":6050,"href":"https:\/\/www.sivosgarlin.fr\/index.php\/wp-json\/wp\/v2\/posts\/6023\/revisions\/6050"}],"wp:featuredmedia":[{"embeddable":true,"href":"https:\/\/www.sivosgarlin.fr\/index.php\/wp-json\/wp\/v2\/media\/6029"}],"wp:attachment":[{"href":"https:\/\/www.sivosgarlin.fr\/index.php\/wp-json\/wp\/v2\/media?parent=6023"}],"wp:term":[{"taxonomy":"category","embeddable":true,"href":"https:\/\/www.sivosgarlin.fr\/index.php\/wp-json\/wp\/v2\/categories?post=6023"},{"taxonomy":"post_tag","embeddable":true,"href":"https:\/\/www.sivosgarlin.fr\/index.php\/wp-json\/wp\/v2\/tags?post=6023"}],"curies":[{"name":"wp","href":"https:\/\/api.w.org\/{rel}","templated":true}]}}