{"id":5863,"date":"2022-05-17T09:50:12","date_gmt":"2022-05-17T07:50:12","guid":{"rendered":"https:\/\/www.sivosgarlin.fr\/?p=5863"},"modified":"2022-05-17T09:52:52","modified_gmt":"2022-05-17T07:52:52","slug":"emploi-animateur-espace-jeunes","status":"publish","type":"post","link":"https:\/\/www.sivosgarlin.fr\/index.php\/2022\/05\/17\/emploi-animateur-espace-jeunes\/","title":{"rendered":"Emploi &#8211; Animateur espace jeunes"},"content":{"rendered":"<p>[vc_row][vc_column width=\u00a0\u00bb1\/2&Prime;][vc_column_text]Le Syndicat des \u00c9coles de la R\u00e9gion de Garlin recrute <strong>des animateurs<\/strong> pour assurer l\u2019accueil des jeunes (11-15 ans) et l\u2019animation des activit\u00e9s de son Espace Jeunes.<\/p>\n<p><strong><u>Missions\u00a0: <\/u><\/strong><\/p>\n<ul>\n<li>Pr\u00e9parer et animer des actions en direction des jeunes 11-15 ans.<\/li>\n<li>Encadrer un s\u00e9jour Oc\u00e9an \u00e0 destination de jeunes \u00e2g\u00e9s de 11 \u00e0 15 ans du 11 au 15 juillet.<\/li>\n<li>Assurer la s\u00e9curit\u00e9 physique et morale des adolescents et contribuer au bon fonctionnement de la structure et au bien-\u00eatre des publics accueillis.<\/li>\n<li>Participer \u00e0 l\u2019accueil des jeunes et des parents.<\/li>\n<li>\u00catre m\u00e9diateur au sein du groupe de jeunes.<\/li>\n<li>Remonter toutes les informations importantes au directeur de l\u2019accueil.<\/li>\n<\/ul>\n<p>&nbsp;<\/p>\n<p><strong><u>Profil souhait\u00e9 :<\/u><\/strong><\/p>\n<ul>\n<li>Titulaire du BAFA ou \u00e9quivalent<\/li>\n<li>Votre aisance relationnelle, votre dynamisme et votre polyvalence vous permettront d&rsquo;\u00eatre rapidement autonome.<\/li>\n<\/ul>\n<p>[\/vc_column_text][vc_empty_space height=\u00a0\u00bb35px\u00a0\u00bb][\/vc_column][vc_column width=\u00a0\u00bb1\/2&Prime;][vc_single_image image=\u00a0\u00bb5864&Prime; img_size=\u00a0\u00bbfull\u00a0\u00bb][\/vc_column][\/vc_row][vc_row][vc_column][vc_column_text]<\/p>\n<p>Contrat \u00e0 dur\u00e9e d\u00e9termin\u00e9e du 11 juillet au 29 juillet.<\/p>\n<p>&nbsp;<\/p>\n<p>Horaires de 40 heures \u00e0 48 heures max par semaine.<\/p>\n<p>&nbsp;<\/p>\n<p><strong><u>R\u00e9mun\u00e9ration\u00a0: <\/u><\/strong><\/p>\n<p>Titulaire BAFA\u00a0: 70\u20ac brut\/jour + 20\u20ac\/nuit de prime de nuit\u00e9e lors du s\u00e9jour Oc\u00e9an.<\/p>\n<p>&nbsp;<\/p>\n<p>Poste bas\u00e9 \u00e0 GARLIN \u00e0 pourvoir le 11 juillet 2022<\/p>\n<p>&nbsp;<\/p>\n<p>Veuillez adresser <strong>avant le 31\/05\/2022<\/strong> votre candidature (CV et lettre de motivation) \u00e0 Yoann MOURET, Coordonnateur enfance-jeunesse \u00e0 l&rsquo;adresse suivante : <a href=\"mailto:coordination@sivosgarlin.fr\">coordination@sivosgarlin.fr<\/a> ou par courrier au 3, Place de la libert\u00e9, 64330 GARLIN.<\/p>\n<p>&nbsp;<\/p>\n<p>Pour tout renseignement compl\u00e9mentaire, veuillez contacter la collectivit\u00e9 au <strong>05.59.04.78.64<\/strong>[\/vc_column_text][\/vc_column][\/vc_row]<\/p>\n","protected":false},"excerpt":{"rendered":"<p>[vc_row][vc_column width=\u00a0\u00bb1\/2&Prime;][vc_column_text]Le Syndicat des \u00c9coles de la R\u00e9gion de Garlin recrute des animateurs pour assurer l\u2019accueil des jeunes (11-15 ans) et l\u2019animation des activit\u00e9s de son Espace Jeunes. Missions\u00a0: Pr\u00e9parer et animer des actions en direction des jeunes 11-15 ans. Encadrer un s\u00e9jour Oc\u00e9an \u00e0 destination de jeunes \u00e2g\u00e9s de 11 \u00e0 15 ans du &#8230;<\/p>\n","protected":false},"author":5,"featured_media":5513,"comment_status":"closed","ping_status":"open","sticky":false,"template":"","format":"standard","meta":{"footnotes":""},"categories":[1],"tags":[],"class_list":["post-5863","post","type-post","status-publish","format-standard","has-post-thumbnail","hentry","category-non-classe"],"post_mailing_queue_ids":[],"_links":{"self":[{"href":"https:\/\/www.sivosgarlin.fr\/index.php\/wp-json\/wp\/v2\/posts\/5863","targetHints":{"allow":["GET"]}}],"collection":[{"href":"https:\/\/www.sivosgarlin.fr\/index.php\/wp-json\/wp\/v2\/posts"}],"about":[{"href":"https:\/\/www.sivosgarlin.fr\/index.php\/wp-json\/wp\/v2\/types\/post"}],"author":[{"embeddable":true,"href":"https:\/\/www.sivosgarlin.fr\/index.php\/wp-json\/wp\/v2\/users\/5"}],"replies":[{"embeddable":true,"href":"https:\/\/www.sivosgarlin.fr\/index.php\/wp-json\/wp\/v2\/comments?post=5863"}],"version-history":[{"count":4,"href":"https:\/\/www.sivosgarlin.fr\/index.php\/wp-json\/wp\/v2\/posts\/5863\/revisions"}],"predecessor-version":[{"id":5869,"href":"https:\/\/www.sivosgarlin.fr\/index.php\/wp-json\/wp\/v2\/posts\/5863\/revisions\/5869"}],"wp:featuredmedia":[{"embeddable":true,"href":"https:\/\/www.sivosgarlin.fr\/index.php\/wp-json\/wp\/v2\/media\/5513"}],"wp:attachment":[{"href":"https:\/\/www.sivosgarlin.fr\/index.php\/wp-json\/wp\/v2\/media?parent=5863"}],"wp:term":[{"taxonomy":"category","embeddable":true,"href":"https:\/\/www.sivosgarlin.fr\/index.php\/wp-json\/wp\/v2\/categories?post=5863"},{"taxonomy":"post_tag","embeddable":true,"href":"https:\/\/www.sivosgarlin.fr\/index.php\/wp-json\/wp\/v2\/tags?post=5863"}],"curies":[{"name":"wp","href":"https:\/\/api.w.org\/{rel}","templated":true}]}}