{"id":5851,"date":"2022-05-16T12:10:19","date_gmt":"2022-05-16T10:10:19","guid":{"rendered":"https:\/\/www.sivosgarlin.fr\/?p=5851"},"modified":"2022-05-16T12:10:19","modified_gmt":"2022-05-16T10:10:19","slug":"espaces-jeunes-sejours-ete","status":"publish","type":"post","link":"https:\/\/www.sivosgarlin.fr\/index.php\/2022\/05\/16\/espaces-jeunes-sejours-ete\/","title":{"rendered":"Espaces Jeunes &#8211; S\u00e9jours \u00e9t\u00e9"},"content":{"rendered":"<p>[vc_row][vc_column width=\u00a0\u00bb1\/2&Prime;][vc_column_text]Cet \u00e9t\u00e9 encore, les trois espaces jeunes de Arzacq, Garlin et Serres-Castet organisent des s\u00e9jours th\u00e9matiques \u00e0 destination des jeunes \u00e2g\u00e9s de 11 \u00e0 15 ans.<\/p>\n<p id=\"viewer-32gc1\" class=\"mm8Nw _1j-51 iWv3d _1FoOD _3M0Fe aujbK iWv3d public-DraftStyleDefault-block-depth0 fixed-tab-size public-DraftStyleDefault-text-ltr\"><span class=\"_2PHJq public-DraftStyleDefault-ltr\"><em><u class=\"_3zM-5\">Crit\u00e8res de priorit\u00e9<\/u> : <\/em><\/span><\/p>\n<p id=\"viewer-489to\" class=\"mm8Nw _1j-51 iWv3d _1FoOD _3M0Fe aujbK iWv3d public-DraftStyleDefault-block-depth0 fixed-tab-size public-DraftStyleDefault-text-ltr\"><span class=\"_2PHJq public-DraftStyleDefault-ltr\">L\u2019accueil est r\u00e9serv\u00e9 en priorit\u00e9 aux jeunes actuellement coll\u00e9giens r\u00e9sidants et\/ou scolaris\u00e9s sur le territoire intercommunal. <\/span><\/p>\n<h3 id=\"viewer-2ahta\" class=\"_3qMKZ _1j-51 _1FoOD _3M0Fe aujbK iWv3d public-DraftStyleDefault-block-depth0 fixed-tab-size public-DraftStyleDefault-text-ltr\"><span class=\"_2PHJq public-DraftStyleDefault-ltr\"><strong>Proc\u00e9dure d\u2019inscription : <\/strong><\/span><\/h3>\n<p id=\"viewer-4jomd\" class=\"mm8Nw _1j-51 iWv3d _1FoOD _3M0Fe aujbK iWv3d public-DraftStyleDefault-block-depth0 fixed-tab-size public-DraftStyleDefault-text-ltr\"><span class=\"_2PHJq public-DraftStyleDefault-ltr\"><strong><u class=\"_3zM-5\">Etape 1 &#8211; Pr\u00e9-inscription <\/u><\/strong><\/span><\/p>\n<p id=\"viewer-2d05r\" class=\"mm8Nw _1j-51 iWv3d _1FoOD _3M0Fe aujbK iWv3d public-DraftStyleDefault-block-depth0 fixed-tab-size public-DraftStyleDefault-text-ltr\"><span class=\"_2PHJq public-DraftStyleDefault-ltr\">S\u00e9jours \u00e9t\u00e9 2022 : <a class=\"_3Bkfb _1lsz7\" href=\"https:\/\/forms.gle\/21YEH17XWKmtkEwk7\" target=\"_blank\" rel=\"noopener noreferrer\" data-hook=\"linkViewer\">https:\/\/forms.gle\/21YEH17XWKmtkEwk7<\/a><\/span><\/p>\n<p id=\"viewer-528v3\" class=\"mm8Nw _1j-51 iWv3d _1FoOD _3M0Fe aujbK iWv3d public-DraftStyleDefault-block-depth0 fixed-tab-size public-DraftStyleDefault-text-ltr\"><span class=\"_2PHJq public-DraftStyleDefault-ltr\">Contact : 07 87 21 01 38 \/ <a class=\"_3Bkfb _1lsz7\" href=\"mailto:adelinetoral@cclb64.fr\" target=\"_blank\" rel=\"noopener noreferrer\" data-hook=\"linkViewer\">adelinetoral@cclb64.fr<\/a><\/span><\/p>\n<p id=\"viewer-1aem0\" class=\"mm8Nw _1j-51 iWv3d _1FoOD _3M0Fe aujbK iWv3d public-DraftStyleDefault-block-depth0 fixed-tab-size public-DraftStyleDefault-text-ltr\"><span class=\"_2PHJq public-DraftStyleDefault-ltr\">3 s\u00e9jours propos\u00e9s \u2013 2 choix possibles \u2013 1 retenu<\/span><\/p>\n<p id=\"viewer-7duiu\" class=\"mm8Nw _1j-51 iWv3d _1FoOD _3M0Fe aujbK iWv3d public-DraftStyleDefault-block-depth0 fixed-tab-size public-DraftStyleDefault-text-ltr\"><span class=\"_2PHJq public-DraftStyleDefault-ltr\"><strong><u class=\"_3zM-5\">Etape 2 &#8211; Envoi \u00e0 l\u2019Espace Jeunes concern\u00e9 ou d\u00e9p\u00f4t des documents obligatoires <\/u><\/strong><\/span><\/p>\n<p id=\"viewer-fb4ut\" class=\"mm8Nw _1j-51 iWv3d _1FoOD _3M0Fe aujbK iWv3d public-DraftStyleDefault-block-depth0 fixed-tab-size public-DraftStyleDefault-text-ltr\"><span class=\"_2PHJq public-DraftStyleDefault-ltr\">Uniquement pour ceux n\u2019ayant pas particip\u00e9 \u00e0 au moins 1 activit\u00e9 sur un Espace Jeunes durant les pr\u00e9c\u00e9dentes vacances de l\u2019ann\u00e9e scolaire 2021-2022.<\/span><\/p>\n<p id=\"viewer-9dqb5\" class=\"mm8Nw _1j-51 iWv3d _1FoOD _3M0Fe aujbK iWv3d public-DraftStyleDefault-block-depth0 fixed-tab-size public-DraftStyleDefault-text-ltr\"><span class=\"_2PHJq public-DraftStyleDefault-ltr\">\u00b7 Fiche de renseignement obligatoire (\u00e0 t\u00e9l\u00e9charger)<\/span><\/p>\n<p>[\/vc_column_text][vc_btn title=\u00a0\u00bbFiche de renseignements 2021-2022&Prime; style=\u00a0\u00bbclassic\u00a0\u00bb color=\u00a0\u00bbgreen\u00a0\u00bb size=\u00a0\u00bbsm\u00a0\u00bb i_icon_fontawesome=\u00a0\u00bbfa fa-file-pdf-o\u00a0\u00bb add_icon=\u00a0\u00bbtrue\u00a0\u00bb link=\u00a0\u00bburl:https%3A%2F%2Fwww.sivosgarlin.fr%2Fwp-content%2Fuploads%2F2021%2F11%2FFicheRenseignement-2021-22_aremplir.pdf||\u00a0\u00bb][vc_column_text]<\/p>\n<p id=\"viewer-318i4\" class=\"mm8Nw _1j-51 iWv3d _1FoOD _3M0Fe aujbK iWv3d public-DraftStyleDefault-block-depth0 fixed-tab-size public-DraftStyleDefault-text-ltr\"><span class=\"_2PHJq public-DraftStyleDefault-ltr\">\u00b7 Allocataires &#8211; Attestation de quotient familial CAF-MSA \/ attestation ATL CAF ou bon vacances MSA <\/span><\/p>\n<p id=\"viewer-e397t\" class=\"mm8Nw _1j-51 iWv3d _1FoOD _3M0Fe aujbK iWv3d public-DraftStyleDefault-block-depth0 fixed-tab-size public-DraftStyleDefault-text-ltr\"><span class=\"_2PHJq public-DraftStyleDefault-ltr\"> Non allocataires \u2013 le dernier avis d\u2019imposition <\/span><\/p>\n<p id=\"viewer-dljoh\" class=\"mm8Nw _1j-51 iWv3d _1FoOD _3M0Fe aujbK iWv3d public-DraftStyleDefault-block-depth0 fixed-tab-size public-DraftStyleDefault-text-ltr\"><span class=\"_2PHJq public-DraftStyleDefault-ltr\"> <strong><u class=\"_3zM-5\">Etape 3 \u2013 Confirmation d\u2019inscription ou positionnement sur liste d\u2019attente envoy\u00e9e par mail par les Espaces Jeunes<\/u><\/strong><\/span><\/p>\n<p id=\"viewer-8q31h\" class=\"mm8Nw _1j-51 iWv3d _1FoOD _3M0Fe aujbK iWv3d public-DraftStyleDefault-block-depth0 fixed-tab-size public-DraftStyleDefault-text-ltr\"><span class=\"_2PHJq public-DraftStyleDefault-ltr\">N\u2019h\u00e9sitez pas \u00e0 nous contacter pour la moindre question.<\/span><\/p>\n<p>&nbsp;<\/p>\n<p><span style=\"font-family: wingdings, 'zapf dingbats';\"><span style=\"font-family: georgia, palatino, serif;\">Syndicat des \u00e9coles de Garlin:<br \/>\n<\/span>(<span style=\"font-family: georgia, palatino, serif;\">: 05.59.04.78.64<br \/>\n<\/span><\/span>@: service.animation@sivosgarlin.fr<\/p>\n<p>Adeline Toral:<br \/>\n<span style=\"font-family: wingdings, 'zapf dingbats';\">(<span style=\"font-family: georgia, palatino, serif;\">: 07.87.21.01.38<br \/>\n<\/span><\/span>@: adelinetoral@cclb.fr[\/vc_column_text][\/vc_column][vc_column width=\u00a0\u00bb1\/2&Prime;][vc_single_image image=\u00a0\u00bb5852&Prime; img_size=\u00a0\u00bbfull\u00a0\u00bb alignment=\u00a0\u00bbright\u00a0\u00bb onclick=\u00a0\u00bbimg_link_large\u00a0\u00bb][\/vc_column][\/vc_row]<\/p>\n","protected":false},"excerpt":{"rendered":"<p>[vc_row][vc_column width=\u00a0\u00bb1\/2&Prime;][vc_column_text]Cet \u00e9t\u00e9 encore, les trois espaces jeunes de Arzacq, Garlin et Serres-Castet organisent des s\u00e9jours th\u00e9matiques \u00e0 destination des jeunes \u00e2g\u00e9s de 11 \u00e0 15 ans. Crit\u00e8res de priorit\u00e9 : L\u2019accueil est r\u00e9serv\u00e9 en priorit\u00e9 aux jeunes actuellement coll\u00e9giens r\u00e9sidants et\/ou scolaris\u00e9s sur le territoire intercommunal. Proc\u00e9dure d\u2019inscription : Etape 1 &#8211; Pr\u00e9-inscription S\u00e9jours &#8230;<\/p>\n","protected":false},"author":5,"featured_media":5855,"comment_status":"closed","ping_status":"open","sticky":false,"template":"","format":"standard","meta":{"footnotes":""},"categories":[1],"tags":[],"class_list":["post-5851","post","type-post","status-publish","format-standard","has-post-thumbnail","hentry","category-non-classe"],"post_mailing_queue_ids":[],"_links":{"self":[{"href":"https:\/\/www.sivosgarlin.fr\/index.php\/wp-json\/wp\/v2\/posts\/5851","targetHints":{"allow":["GET"]}}],"collection":[{"href":"https:\/\/www.sivosgarlin.fr\/index.php\/wp-json\/wp\/v2\/posts"}],"about":[{"href":"https:\/\/www.sivosgarlin.fr\/index.php\/wp-json\/wp\/v2\/types\/post"}],"author":[{"embeddable":true,"href":"https:\/\/www.sivosgarlin.fr\/index.php\/wp-json\/wp\/v2\/users\/5"}],"replies":[{"embeddable":true,"href":"https:\/\/www.sivosgarlin.fr\/index.php\/wp-json\/wp\/v2\/comments?post=5851"}],"version-history":[{"count":4,"href":"https:\/\/www.sivosgarlin.fr\/index.php\/wp-json\/wp\/v2\/posts\/5851\/revisions"}],"predecessor-version":[{"id":5859,"href":"https:\/\/www.sivosgarlin.fr\/index.php\/wp-json\/wp\/v2\/posts\/5851\/revisions\/5859"}],"wp:featuredmedia":[{"embeddable":true,"href":"https:\/\/www.sivosgarlin.fr\/index.php\/wp-json\/wp\/v2\/media\/5855"}],"wp:attachment":[{"href":"https:\/\/www.sivosgarlin.fr\/index.php\/wp-json\/wp\/v2\/media?parent=5851"}],"wp:term":[{"taxonomy":"category","embeddable":true,"href":"https:\/\/www.sivosgarlin.fr\/index.php\/wp-json\/wp\/v2\/categories?post=5851"},{"taxonomy":"post_tag","embeddable":true,"href":"https:\/\/www.sivosgarlin.fr\/index.php\/wp-json\/wp\/v2\/tags?post=5851"}],"curies":[{"name":"wp","href":"https:\/\/api.w.org\/{rel}","templated":true}]}}