{"id":5788,"date":"2022-03-28T16:00:59","date_gmt":"2022-03-28T14:00:59","guid":{"rendered":"https:\/\/www.sivosgarlin.fr\/?p=5788"},"modified":"2022-03-29T10:13:01","modified_gmt":"2022-03-29T08:13:01","slug":"accueil-de-loisirs-printemps-2022","status":"publish","type":"post","link":"https:\/\/www.sivosgarlin.fr\/index.php\/2022\/03\/28\/accueil-de-loisirs-printemps-2022\/","title":{"rendered":"Accueil de loisirs &#8211; Printemps 2022"},"content":{"rendered":"<p>[vc_row][vc_column][vc_column_text]Lors des prochaines vacances d&rsquo;hiver, l&rsquo;accueil de loisirs ouvrira ses portes <strong>du mardi 19 avril au vendredi 29 avril.<\/strong> L&rsquo;accueil des enfants se fera dans les locaux de <strong>l&rsquo;\u00e9cole maternelle de Garlin<\/strong> de 7h30 \u00e0 18h30.[\/vc_column_text][vc_column_text]Ces vacances, les enfants partiront \u00e0 la d\u00e9couverte de la pr\u00e9histoire.<\/p>\n<p>Vous trouverez le programme d&rsquo;animation des vacances ci-dessous:[\/vc_column_text][vc_gallery interval=\u00a0\u00bb3&Prime; images=\u00a0\u00bb5798,5799&Prime; img_size=\u00a0\u00bblarge\u00a0\u00bb][vc_column_text]Une sortie au Mus\u00e9e pr\u00e9historique de Brassempouy est organis\u00e9e le vendredi 29 avril sur la journ\u00e9e. Les places sont limit\u00e9es.<\/p>\n<p>La sortie reviendra <strong><span style=\"color: #ff0000;\">\u00e0 17\u20ac\/enfant<\/span><\/strong> : 9\u20ac de frais de journ\u00e9e ALSH + 8\u20ac de suppl\u00e9ment de sortie exceptionnelle.[\/vc_column_text][vc_empty_space height=\u00a0\u00bb25px\u00a0\u00bb][vc_column_text]Les <strong>inscriptions<\/strong> seront ouvertes entre le <strong>lundi 28 mars et le vendredi 8 avril <\/strong>via votre <span style=\"color: #3366ff;\"><a style=\"color: #3366ff;\" href=\"https:\/\/espacefamille.aiga.fr\/index.html?dossier=1356550#connexion&amp;152354\">Espace Famille I&rsquo;No\u00e9<\/a><\/span>. Il vous suffira de vous rendre, depuis le menu de votre espace, dans l&rsquo;onglet \u00ab\u00a0Mes Inscriptions\u00a0\u00bb -&gt;Vous choisissez l&rsquo;enfant que vous souhaitez inscrire -&gt; \u00ab\u00a0Nouvelle Inscription\u00a0\u00bb -&gt; \u00ab\u00a0Accueil de loisirs\u00a0\u00bb -&gt; \u00ab\u00a0Printemps 2022\u00a0\u00bb -&gt; \u00ab\u00a0Enregistrer\u00a0\u00bb en bas \u00e0 droite.<\/p>\n<p><span style=\"color: #ff0000;\"><strong>!! ATTENTION !!\u00a0<\/strong><\/span><\/p>\n<p><span style=\"color: #ff0000;\"><span style=\"color: #bd0000;\">Afin de permettre \u00e0 l&rsquo;\u00e9quipe d&rsquo;animation d&rsquo;avoir de la visibilit\u00e9, toute modification d&rsquo;inscription en dehors de la p\u00e9riodes mentionn\u00e9e ci-dessus, n\u00e9cessitera la pr\u00e9sentation d&rsquo;un<\/span> <strong><span style=\"text-decoration: underline;\">justificatif m\u00e9dical sous peine d&rsquo;\u00eatre factur\u00e9e.<\/span><\/strong><\/span><\/p>\n<p>Une fois l&rsquo;inscription faite, vous devrez ins\u00e9rer les documents demand\u00e9s (Voir la vid\u00e9o ci-dessous). <strong>Pensez bien \u00e0 joindre les documents demand\u00e9s pour la famille et pour l&rsquo;individu.\u00a0<\/strong>[\/vc_column_text][vc_btn title=\u00a0\u00bbTutoriel documents manquants\u00a0\u00bb style=\u00a0\u00bbclassic\u00a0\u00bb color=\u00a0\u00bbchino\u00a0\u00bb i_icon_fontawesome=\u00a0\u00bbfa fa-file-pdf-o\u00a0\u00bb link=\u00a0\u00bburl:https%3A%2F%2Fwww.sivosgarlin.fr%2Fwp-content%2Fuploads%2F2020%2F06%2F2020-06-12-at-15-12-21.mp4||\u00a0\u00bb add_icon=\u00a0\u00bbtrue\u00a0\u00bb][vc_empty_space height=\u00a0\u00bb25px\u00a0\u00bb][vc_column_text]Un service de restauration sera assur\u00e9. Les plats seront pr\u00e9par\u00e9s par la cuisine de l&rsquo;ESAT de Diusse. Une liaison chaude est assur\u00e9e jusqu&rsquo;\u00e0 la cantine de l&rsquo;\u00e9cole maternelle de Garlin.<\/p>\n<p><em><strong>Si votre enfant suit un r\u00e9gime alimentaire particulier, merci de nous le signaler.<\/strong><\/em><\/p>\n<p>Les tarifs appliqu\u00e9s lors des\u00a0 vacances restent inchang\u00e9s:<\/p>\n<p>Journ\u00e9e :\u00a0<strong>9 \u20ac<\/strong><\/p>\n<p>1\/2 Journ\u00e9e :\u00a0<strong>4,50 \u20ac<\/strong><\/p>\n<p>Si vous b\u00e9n\u00e9ficiez des ATL de la CAF ou des bons vacances de la MSA, faites-nous parvenir imp\u00e9rativement votre notification d&rsquo;aide, sans quoi le tarif maximal sera appliqu\u00e9.[\/vc_column_text][\/vc_column][\/vc_row]<\/p>\n","protected":false},"excerpt":{"rendered":"<p>[vc_row][vc_column][vc_column_text]Lors des prochaines vacances d&rsquo;hiver, l&rsquo;accueil de loisirs ouvrira ses portes du mardi 19 avril au vendredi 29 avril. L&rsquo;accueil des enfants se fera dans les locaux de l&rsquo;\u00e9cole maternelle de Garlin de 7h30 \u00e0 18h30.[\/vc_column_text][vc_column_text]Ces vacances, les enfants partiront \u00e0 la d\u00e9couverte de la pr\u00e9histoire. Vous trouverez le programme d&rsquo;animation des vacances ci-dessous:[\/vc_column_text][vc_gallery interval=\u00a0\u00bb3&Prime; &#8230;<\/p>\n","protected":false},"author":5,"featured_media":5796,"comment_status":"closed","ping_status":"open","sticky":false,"template":"","format":"standard","meta":{"footnotes":""},"categories":[1],"tags":[],"class_list":["post-5788","post","type-post","status-publish","format-standard","has-post-thumbnail","hentry","category-non-classe"],"post_mailing_queue_ids":[],"_links":{"self":[{"href":"https:\/\/www.sivosgarlin.fr\/index.php\/wp-json\/wp\/v2\/posts\/5788","targetHints":{"allow":["GET"]}}],"collection":[{"href":"https:\/\/www.sivosgarlin.fr\/index.php\/wp-json\/wp\/v2\/posts"}],"about":[{"href":"https:\/\/www.sivosgarlin.fr\/index.php\/wp-json\/wp\/v2\/types\/post"}],"author":[{"embeddable":true,"href":"https:\/\/www.sivosgarlin.fr\/index.php\/wp-json\/wp\/v2\/users\/5"}],"replies":[{"embeddable":true,"href":"https:\/\/www.sivosgarlin.fr\/index.php\/wp-json\/wp\/v2\/comments?post=5788"}],"version-history":[{"count":6,"href":"https:\/\/www.sivosgarlin.fr\/index.php\/wp-json\/wp\/v2\/posts\/5788\/revisions"}],"predecessor-version":[{"id":5800,"href":"https:\/\/www.sivosgarlin.fr\/index.php\/wp-json\/wp\/v2\/posts\/5788\/revisions\/5800"}],"wp:featuredmedia":[{"embeddable":true,"href":"https:\/\/www.sivosgarlin.fr\/index.php\/wp-json\/wp\/v2\/media\/5796"}],"wp:attachment":[{"href":"https:\/\/www.sivosgarlin.fr\/index.php\/wp-json\/wp\/v2\/media?parent=5788"}],"wp:term":[{"taxonomy":"category","embeddable":true,"href":"https:\/\/www.sivosgarlin.fr\/index.php\/wp-json\/wp\/v2\/categories?post=5788"},{"taxonomy":"post_tag","embeddable":true,"href":"https:\/\/www.sivosgarlin.fr\/index.php\/wp-json\/wp\/v2\/tags?post=5788"}],"curies":[{"name":"wp","href":"https:\/\/api.w.org\/{rel}","templated":true}]}}