{"id":5482,"date":"2021-11-18T17:03:10","date_gmt":"2021-11-18T16:03:10","guid":{"rendered":"https:\/\/www.sivosgarlin.fr\/?p=5482"},"modified":"2021-11-18T17:03:26","modified_gmt":"2021-11-18T16:03:26","slug":"espace-jeunes-mercredis-et-periscolaire-novembre-decembre","status":"publish","type":"post","link":"https:\/\/www.sivosgarlin.fr\/index.php\/2021\/11\/18\/espace-jeunes-mercredis-et-periscolaire-novembre-decembre\/","title":{"rendered":"Espace Jeunes &#8211; Mercredis et P\u00e9riscolaire Novembre\/D\u00e9cembre"},"content":{"rendered":"<p>[vc_row][vc_column][vc_tta_accordion][vc_tta_section title=\u00a0\u00bbPROGRAMME D&rsquo;ANIMATION\u00a0\u00bb tab_id=\u00a0\u00bb1637250650257-fd26cd3d-83c3&Prime;][vc_column_text]Le nouveau programme d&rsquo;animation p\u00e9risco et mercredi est dispo !!!!<\/p>\n<p>Vous le trouverez ci-dessous!!![\/vc_column_text][vc_single_image image=\u00a0\u00bb5483&Prime; img_size=\u00a0\u00bblarge\u00a0\u00bb][\/vc_tta_section][vc_tta_section title=\u00a0\u00bbCOMMENT PARTICIPER?\u00a0\u00bb tab_id=\u00a0\u00bb1637250650277-3cde05c6-d794&Prime;][vc_column_text]Votre enfant veut participer aux activit\u00e9s?<\/p>\n<p>Comment faire?<\/p>\n<p>Un formulaire d&rsquo;adh\u00e9sion (t\u00e9l\u00e9chargeable ci-dessous) est \u00e0 compl\u00e9ter.<br \/>\nUne fois rempli, il faudra nous le retourner avec les documents suivants afin que nous puissions r\u00e9aliser l\u2019inscription:<\/p>\n<ul>\n<li>Assurance scolaire pour l\u2019ann\u00e9e scolaire 2021\/2022<\/li>\n<li>Photocopie du carnet de vaccination<\/li>\n<li>Attestation de quotient familial<\/li>\n<li>Une photo d\u2019identit\u00e9 pour la carte d\u2019adh\u00e9sion<\/li>\n<li>R\u00e8glement int\u00e9rieur co-sign\u00e9 par le jeune et ses parents<\/li>\n<\/ul>\n<p>Tout dossier incomplet ne pourra \u00eatre trait\u00e9.<\/p>\n<p>Vous trouverez aussi un formulaire d&rsquo;autorisation de sortie pour autoriser ou non votre enfant \u00e0 quitter l&rsquo;espace jeunes seul ou avant la fin de l&rsquo;accueil.[\/vc_column_text][vc_btn title=\u00a0\u00bbFormulaire d&rsquo;adh\u00e9sion\u00a0\u00bb style=\u00a0\u00bbclassic\u00a0\u00bb color=\u00a0\u00bbdanger\u00a0\u00bb size=\u00a0\u00bbsm\u00a0\u00bb i_icon_fontawesome=\u00a0\u00bbfa fa-file-pdf-o\u00a0\u00bb link=\u00a0\u00bburl:https%3A%2F%2Fwww.sivosgarlin.fr%2Fwp-content%2Fuploads%2F2021%2F09%2FFiche-dadhesion-periscolaire-Espace-Jeunes-2021-2022.pdf||\u00a0\u00bb add_icon=\u00a0\u00bbtrue\u00a0\u00bb][vc_empty_space height=\u00a0\u00bb15px\u00a0\u00bb][vc_btn title=\u00a0\u00bbCoupon autorisation de sortie\u00a0\u00bb style=\u00a0\u00bbclassic\u00a0\u00bb color=\u00a0\u00bbdanger\u00a0\u00bb size=\u00a0\u00bbsm\u00a0\u00bb i_icon_fontawesome=\u00a0\u00bbfa fa-file-pdf-o\u00a0\u00bb link=\u00a0\u00bburl:https%3A%2F%2Fwww.sivosgarlin.fr%2Fwp-content%2Fuploads%2F2021%2F09%2FNote-dinformation-famille-autorisation-sortie-Espace-jeunes.pdf||\u00a0\u00bb add_icon=\u00a0\u00bbtrue\u00a0\u00bb][vc_column_text]L\u2019adh\u00e9sion vous est propos\u00e9e \u00e0 <strong><u>15\u20ac pour l\u2019ann\u00e9e scolaire <\/u><\/strong><u>et permet \u00e0 votre enfant d\u2019acc\u00e9der \u00e0 l\u2019Espace Jeunes et de participer aux activit\u00e9s et animations organis\u00e9es tout au long de l\u2019ann\u00e9e (hors vacances)<\/u>. La signature du formulaire d\u2019adh\u00e9sion vous engage \u00e0 honorer cette cotisation annuelle.<\/p>\n<p>Lorsque l\u2019inscription sera faite, votre enfant recevra une carte d\u2019adh\u00e9sion valable pour l\u2019ann\u00e9e scolaire 2021\/2022.<br \/>\nLes jeunes seront accueillis au local et encadr\u00e9s par C\u00e9line, animatrice et responsable de l\u2019Espace Jeunes, sur les cr\u00e9neaux indiqu\u00e9s plus haut.<\/p>\n<p><strong><u>Le Syndicat des \u00c9coles de la R\u00e9gion de Garlin ne prendra aucune responsabilit\u00e9 en dehors de ses locaux et des horaires d\u2019ouverture de l\u2019Espace Jeunes<\/u><\/strong>.<\/p>\n<p>L&rsquo;accueil se veut flexible quant aux heures d&rsquo;arriv\u00e9es et de d\u00e9part des jeunes. Cependant, il est important pour nous de connaitre les effectifs accueillis afin de pr\u00e9voir suffisamment d&rsquo;animateurs pour les encadrer. Ainsi, ces derniers pourront indiquer \u00e0 C\u00e9line les jours de pr\u00e9sence. De m\u00eame, les parents auront la possibilit\u00e9 de r\u00e9server les jours de pr\u00e9sence via leur <a href=\"https:\/\/espacefamille.aiga.fr\/index.html?dossier=1356550#connexion&amp;154042\">Espace Famille I&rsquo;No\u00e9 <\/a>\u00a0en s&rsquo;inscrivant \u00e0 l&rsquo;activit\u00e9 \u00ab\u00a0P\u00e9riscolaire EJ 2021\/2022\u00a0\u00bb et en r\u00e9servant les jours sur le calendrier. Pour les familles n&rsquo;ayant pas encore de compte, vous trouverez une notice d&rsquo;utilisation en <a href=\"https:\/\/www.sivosgarlin.fr\/wp-content\/uploads\/2021\/05\/Plaquette-EF-INOE-rotated.jpg\">cliquant ici <\/a>.<\/p>\n<p>Pour les volontaires des activit\u00e9s seront propos\u00e9es et anim\u00e9es par C\u00e9line.[\/vc_column_text][vc_empty_space height=\u00a0\u00bb15px\u00a0\u00bb][vc_btn title=\u00a0\u00bbR\u00e8glement int\u00e9rieur Espace Jeunes\u00a0\u00bb style=\u00a0\u00bbclassic\u00a0\u00bb color=\u00a0\u00bbdanger\u00a0\u00bb size=\u00a0\u00bbsm\u00a0\u00bb i_icon_fontawesome=\u00a0\u00bbfa fa-file-pdf-o\u00a0\u00bb link=\u00a0\u00bburl:%20https%3A%2F%2Fwww.sivosgarlin.fr%2Fwp-content%2Fuploads%2F2021%2F09%2FReglement-interieur-v3.pdf||\u00a0\u00bb add_icon=\u00a0\u00bbtrue\u00a0\u00bb][vc_empty_space height=\u00a0\u00bb15px\u00a0\u00bb][\/vc_tta_section][\/vc_tta_accordion][vc_column_text]Pour tout renseignement, n\u2019h\u00e9sitez pas \u00e0 nous contacter par mail \u00e0 <a href=\"mailto:service.animation@sivosgarlin.fr\">service.animation@sivosgarlin.fr<\/a> ou par t\u00e9l\u00e9phone au 07.88.66.60.64.<\/p>\n<p>&nbsp;<\/p>\n<p>Bien cordialement,[\/vc_column_text][\/vc_column][\/vc_row][vc_row][vc_column][\/vc_column][\/vc_row]<\/p>\n","protected":false},"excerpt":{"rendered":"<p>[vc_row][vc_column][vc_tta_accordion][vc_tta_section title=\u00a0\u00bbPROGRAMME D&rsquo;ANIMATION\u00a0\u00bb tab_id=\u00a0\u00bb1637250650257-fd26cd3d-83c3&Prime;][vc_column_text]Le nouveau programme d&rsquo;animation p\u00e9risco et mercredi est dispo !!!! Vous le trouverez ci-dessous!!![\/vc_column_text][vc_single_image image=\u00a0\u00bb5483&Prime; img_size=\u00a0\u00bblarge\u00a0\u00bb][\/vc_tta_section][vc_tta_section title=\u00a0\u00bbCOMMENT PARTICIPER?\u00a0\u00bb tab_id=\u00a0\u00bb1637250650277-3cde05c6-d794&Prime;][vc_column_text]Votre enfant veut participer aux activit\u00e9s? Comment faire? Un formulaire d&rsquo;adh\u00e9sion (t\u00e9l\u00e9chargeable ci-dessous) est \u00e0 compl\u00e9ter. Une fois rempli, il faudra nous le retourner avec les documents suivants afin que nous puissions r\u00e9aliser l\u2019inscription: &#8230;<\/p>\n","protected":false},"author":5,"featured_media":5133,"comment_status":"closed","ping_status":"open","sticky":false,"template":"","format":"standard","meta":{"footnotes":""},"categories":[1],"tags":[],"class_list":["post-5482","post","type-post","status-publish","format-standard","has-post-thumbnail","hentry","category-non-classe"],"post_mailing_queue_ids":[],"_links":{"self":[{"href":"https:\/\/www.sivosgarlin.fr\/index.php\/wp-json\/wp\/v2\/posts\/5482","targetHints":{"allow":["GET"]}}],"collection":[{"href":"https:\/\/www.sivosgarlin.fr\/index.php\/wp-json\/wp\/v2\/posts"}],"about":[{"href":"https:\/\/www.sivosgarlin.fr\/index.php\/wp-json\/wp\/v2\/types\/post"}],"author":[{"embeddable":true,"href":"https:\/\/www.sivosgarlin.fr\/index.php\/wp-json\/wp\/v2\/users\/5"}],"replies":[{"embeddable":true,"href":"https:\/\/www.sivosgarlin.fr\/index.php\/wp-json\/wp\/v2\/comments?post=5482"}],"version-history":[{"count":2,"href":"https:\/\/www.sivosgarlin.fr\/index.php\/wp-json\/wp\/v2\/posts\/5482\/revisions"}],"predecessor-version":[{"id":5485,"href":"https:\/\/www.sivosgarlin.fr\/index.php\/wp-json\/wp\/v2\/posts\/5482\/revisions\/5485"}],"wp:featuredmedia":[{"embeddable":true,"href":"https:\/\/www.sivosgarlin.fr\/index.php\/wp-json\/wp\/v2\/media\/5133"}],"wp:attachment":[{"href":"https:\/\/www.sivosgarlin.fr\/index.php\/wp-json\/wp\/v2\/media?parent=5482"}],"wp:term":[{"taxonomy":"category","embeddable":true,"href":"https:\/\/www.sivosgarlin.fr\/index.php\/wp-json\/wp\/v2\/categories?post=5482"},{"taxonomy":"post_tag","embeddable":true,"href":"https:\/\/www.sivosgarlin.fr\/index.php\/wp-json\/wp\/v2\/tags?post=5482"}],"curies":[{"name":"wp","href":"https:\/\/api.w.org\/{rel}","templated":true}]}}