{"id":5404,"date":"2021-10-04T16:44:41","date_gmt":"2021-10-04T14:44:41","guid":{"rendered":"https:\/\/www.sivosgarlin.fr\/?p=5404"},"modified":"2021-10-04T16:44:41","modified_gmt":"2021-10-04T14:44:41","slug":"espace-jeunes-automne-2021","status":"publish","type":"post","link":"https:\/\/www.sivosgarlin.fr\/index.php\/2021\/10\/04\/espace-jeunes-automne-2021\/","title":{"rendered":"Espace Jeunes &#8211; Automne 2021"},"content":{"rendered":"<p>[vc_row][vc_column][vc_column_text]<\/p>\n<p id=\"viewer-adscl\" class=\"mm8Nw _1j-51 _1atvN _1FoOD _3M0Fe _2WrB- _1atvN public-DraftStyleDefault-block-depth0 public-DraftStyleDefault-text-ltr\"><span class=\"_2PHJq public-DraftStyleDefault-ltr\"><strong>Dans le cadre de la politique communautaire en faveur de la jeunesse, 3 espaces jeunes vous accueillent sur le territoire \u00e0 Arzacq-Arraziguet, \u00e0 Garlin et \u00e0 Serres-Castet.<\/strong><\/span><\/p>\n<p id=\"viewer-968vg\" class=\"mm8Nw _1j-51 _1atvN _1FoOD _3M0Fe _2WrB- _1atvN public-DraftStyleDefault-block-depth0 public-DraftStyleDefault-text-ltr\"><span class=\"_2PHJq public-DraftStyleDefault-ltr\">La coop\u00e9ration entre les acteurs op\u00e9rationnels permet de proposer aux jeunes de 11 \u00e0 15 ans une offre d\u2018animation importante et de qualit\u00e9.<\/span><\/p>\n<p id=\"viewer-cv06p\" class=\"mm8Nw _1j-51 _1atvN _1FoOD _3M0Fe _2WrB- _1atvN public-DraftStyleDefault-block-depth0 public-DraftStyleDefault-text-ltr\"><span class=\"_2PHJq public-DraftStyleDefault-ltr\">L\u2019Espace Jeunes constitue un v\u00e9ritable espace de loisirs, d\u2019\u00e9change, de rencontre, d\u2019\u00e9coute, d\u2019information et de pr\u00e9vention r\u00e9pondant \u00e0 des objectifs \u00e9ducatifs pr\u00e9cis :<\/span><\/p>\n<p id=\"viewer-io2i\" class=\"mm8Nw _1j-51 _1atvN _1FoOD _3M0Fe _2WrB- _1atvN public-DraftStyleDefault-block-depth0 public-DraftStyleDefault-text-ltr\"><span class=\"_2PHJq public-DraftStyleDefault-ltr\">&#8211; Contribuer au d\u00e9veloppement personnel et \u00e0 la socialisation des jeunes <\/span><\/p>\n<p id=\"viewer-bi7n8\" class=\"mm8Nw _1j-51 _1atvN _1FoOD _3M0Fe _2WrB- _1atvN public-DraftStyleDefault-block-depth0 public-DraftStyleDefault-text-ltr\"><span class=\"_2PHJq public-DraftStyleDefault-ltr\">&#8211; Permettre aux jeunes de s\u2019approprier leur environnement en tant que citoyen d\u2019un territoire<\/span><\/p>\n<p id=\"viewer-3qlfr\" class=\"mm8Nw _1j-51 _1atvN _1FoOD _3M0Fe _2WrB- _1atvN public-DraftStyleDefault-block-depth0 public-DraftStyleDefault-text-ltr\"><span class=\"_2PHJq public-DraftStyleDefault-ltr\">&#8211; Sensibiliser les jeunes aux questions de sant\u00e9 et d\u2019exclusion<\/span><\/p>\n<p id=\"viewer-a4tk4\" class=\"mm8Nw _1j-51 _1atvN _1FoOD _3M0Fe _2WrB- _1atvN public-DraftStyleDefault-block-depth0 public-DraftStyleDefault-text-ltr\"><span class=\"_2PHJq public-DraftStyleDefault-ltr\">Ces Espaces Jeunes sont encadr\u00e9s par du personnel qualifi\u00e9 et d\u00e9clar\u00e9 aupr\u00e8s de la Direction D\u00e9partemental de la Coh\u00e9sion Sociale.<\/span><\/p>\n<div data-hook=\"rcv-block10\"><\/div>\n<p id=\"viewer-ctjk6\" class=\"mm8Nw _1j-51 _1atvN _1FoOD _3M0Fe _2WrB- _1atvN public-DraftStyleDefault-block-depth0 public-DraftStyleDefault-text-ltr\"><span class=\"_2PHJq public-DraftStyleDefault-ltr\">Durant l\u2019ann\u00e9e scolaire 2021-2022, les Espaces Jeunes du territoire sont ouverts durant les vacances scolaires, sauf celles de No\u00ebl, selon 5 formats d\u2019activit\u00e9 : journ\u00e9e, apr\u00e8s-midi, apr\u00e8s-midi\/soir\u00e9e, stage &amp; s\u00e9jours (suivant le contexte sanitaire). <\/span><\/p>\n<p id=\"viewer-1vu5\" class=\"mm8Nw _1j-51 _1atvN _1FoOD _3M0Fe _2WrB- _1atvN public-DraftStyleDefault-block-depth0 public-DraftStyleDefault-text-ltr\"><span class=\"_2PHJq public-DraftStyleDefault-ltr\">Un protocole sanitaire est mis en place au sein de chaque structure dans le respect du cadre r\u00e8glementaire relatif aux Accueils Collectifs de Mineurs.<\/span><\/p>\n<p id=\"viewer-603ej\" class=\"mm8Nw _1j-51 _1atvN _1FoOD _3M0Fe _2WrB- _1atvN public-DraftStyleDefault-block-depth0 public-DraftStyleDefault-text-ltr\"><span class=\"_2PHJq public-DraftStyleDefault-ltr\"><em><u class=\"_3zM-5\">Crit\u00e8res de priorit\u00e9<\/u> : <\/em><\/span><\/p>\n<p id=\"viewer-57na9\" class=\"mm8Nw _1j-51 _1atvN _1FoOD _3M0Fe _2WrB- _1atvN public-DraftStyleDefault-block-depth0 public-DraftStyleDefault-text-ltr\"><span class=\"_2PHJq public-DraftStyleDefault-ltr\">L\u2019accueil est r\u00e9serv\u00e9 en priorit\u00e9 aux jeunes actuellement coll\u00e9giens r\u00e9sidants et\/ou scolaris\u00e9s sur le territoire intercommunal. <\/span><\/p>\n<p id=\"viewer-5ln60\" class=\"mm8Nw _1j-51 _1atvN _1FoOD _3M0Fe _2WrB- _1atvN public-DraftStyleDefault-block-depth0 public-DraftStyleDefault-text-ltr\"><span class=\"_2PHJq public-DraftStyleDefault-ltr\"><strong>Au regard de la situation sanitaire, afin d\u2019\u00e9viter le brassage des jeunes sur le territoire, vous devrez prioritairement inscrire votre (vos) enfants aux activit\u00e9s de l\u2019Espace Jeunes correspondant au territoire de leur coll\u00e8ge ou au territoire d\u2019habitation. <\/strong><\/span><\/p>\n<p id=\"viewer-3lms8\" class=\"mm8Nw _1j-51 _1atvN _1FoOD _3M0Fe _2WrB- _1atvN public-DraftStyleDefault-block-depth0 public-DraftStyleDefault-text-ltr\"><span class=\"_2PHJq public-DraftStyleDefault-ltr\">Merci de votre compr\u00e9hension. <\/span><\/p>\n<div data-hook=\"rcv-block17\"><\/div>\n<h3 id=\"viewer-71j1f\" class=\"_3qMKZ _1j-51 _1FoOD _3M0Fe _2WrB- _1atvN public-DraftStyleDefault-block-depth0 public-DraftStyleDefault-text-ltr\"><span class=\"_2PHJq public-DraftStyleDefault-ltr\">\u00a0<\/span><\/h3>\n<div data-hook=\"rcv-block18\"><\/div>\n<p id=\"viewer-1v4gq\" class=\"mm8Nw _1j-51 _1atvN _1FoOD _3M0Fe _2WrB- _1atvN public-DraftStyleDefault-block-depth0 public-DraftStyleDefault-text-ltr\"><span class=\"_2PHJq public-DraftStyleDefault-ltr\">T\u00e9l\u00e9chargez le programme ci-dessous<\/span><\/p>\n<p>[\/vc_column_text][vc_btn title=\u00a0\u00bbAJEUNDA Espace Jeunes AUTOMNE 2021&Prime; style=\u00a0\u00bbclassic\u00a0\u00bb color=\u00a0\u00bbdanger\u00a0\u00bb i_icon_fontawesome=\u00a0\u00bbfa fa-file-pdf-o\u00a0\u00bb add_icon=\u00a0\u00bbtrue\u00a0\u00bb link=\u00a0\u00bburl:https%3A%2F%2Fwww.sivosgarlin.fr%2Fwp-content%2Fuploads%2F2021%2F10%2FAJEUNDA-ESPACES-JEUNES-AUTOMNE-2021.pdf||\u00a0\u00bb][vc_column_text]<\/p>\n<h3 id=\"viewer-k3aa\" class=\"_3qMKZ _1j-51 _1FoOD _3M0Fe _2WrB- _1atvN public-DraftStyleDefault-block-depth0 public-DraftStyleDefault-text-ltr\"><span class=\"_2PHJq public-DraftStyleDefault-ltr\"><strong>Proc\u00e9dure d\u2019inscription Vacances d&rsquo;automne 2021 : <\/strong><\/span><\/h3>\n<p id=\"viewer-2jog8\" class=\"mm8Nw _1j-51 _1atvN _1FoOD _3M0Fe _2WrB- _1atvN public-DraftStyleDefault-block-depth0 public-DraftStyleDefault-text-ltr\"><span class=\"_2PHJq public-DraftStyleDefault-ltr\"><strong><u class=\"_3zM-5\">Etape 1 &#8211; Pr\u00e9-inscription via ce lien sur l\u2019Espace Jeunes de votre territoire ou par t\u00e9l\u00e9phone <\/u><\/strong><\/span><\/p>\n<p id=\"viewer-9hko7\" class=\"mm8Nw _1j-51 _1atvN _1FoOD _3M0Fe _2WrB- _1atvN public-DraftStyleDefault-block-depth0 public-DraftStyleDefault-text-ltr\"><span class=\"_2PHJq public-DraftStyleDefault-ltr\"><em><strong> \u00b7 Espace Jeunes Arzacq<\/strong><\/em> : <a class=\"_3Bkfb _1lsz7\" href=\"https:\/\/forms.gle\/wF7g6qHwGaCZnGGy8\" target=\"_blank\" rel=\"noopener noreferrer\">https:\/\/forms.gle\/wF7g6qHwGaCZnGGy8<\/a><\/span><\/p>\n<p id=\"viewer-38rqj\" class=\"mm8Nw _1j-51 _1atvN _1FoOD _3M0Fe _2WrB- _1atvN public-DraftStyleDefault-block-depth0 public-DraftStyleDefault-text-ltr\"><span class=\"_2PHJq public-DraftStyleDefault-ltr\">Contact : 07 87 21 01 38 \u2013 <a class=\"_3Bkfb _1lsz7\" href=\"mailto:animationjeunesse@cclb64.fr\" target=\"_blank\" rel=\"noopener noreferrer\">animationjeunesse@cclb64.fr<\/a><\/span><\/p>\n<p id=\"viewer-2873u\" class=\"mm8Nw _1j-51 _1atvN _1FoOD _3M0Fe _2WrB- _1atvN public-DraftStyleDefault-block-depth0 public-DraftStyleDefault-text-ltr\"><span class=\"_2PHJq public-DraftStyleDefault-ltr\"><strong><em>\u00b7 Espace Jeunes Garlin<\/em><\/strong> : \u00b7 <a class=\"_3Bkfb _1lsz7\" href=\"https:\/\/espacefamille.aiga.fr\/1356550\" target=\"_blank\" rel=\"noopener noreferrer\">https:\/\/espacefamille.aiga.fr\/1356550<\/a><\/span><\/p>\n<p id=\"viewer-ih1o\" class=\"mm8Nw _1j-51 _1atvN _1FoOD _3M0Fe _2WrB- _1atvN public-DraftStyleDefault-block-depth0 public-DraftStyleDefault-text-ltr\"><span class=\"_2PHJq public-DraftStyleDefault-ltr\">Contact : 07 88 66 60 64 \u2013 <a class=\"_3Bkfb _1lsz7\" href=\"mailto:service.animation@sivosgarlin.fr\" target=\"_blank\" rel=\"noopener noreferrer\">service.animation@sivosgarlin.fr<\/a><\/span><\/p>\n<p id=\"viewer-ai1r4\" class=\"mm8Nw _1j-51 _1atvN _1FoOD _3M0Fe _2WrB- _1atvN public-DraftStyleDefault-block-depth0 public-DraftStyleDefault-text-ltr\"><span class=\"_2PHJq public-DraftStyleDefault-ltr\"><strong><em>\u00b7 Espace Jeunes Serres-Castet<\/em><\/strong> : <a class=\"_3Bkfb _1lsz7\" href=\"https:\/\/forms.gle\/2Dds31dupDeCGSbU6\" target=\"_blank\" rel=\"noopener noreferrer\">https:\/\/forms.gle\/2Dds31dupDeCGSbU6<\/a><\/span><\/p>\n<p id=\"viewer-b027i\" class=\"mm8Nw _1j-51 _1atvN _1FoOD _3M0Fe _2WrB- _1atvN public-DraftStyleDefault-block-depth0 public-DraftStyleDefault-text-ltr\"><span class=\"_2PHJq public-DraftStyleDefault-ltr\">Contact : 05 59 33 11 66 \u2013 <a class=\"_3Bkfb _1lsz7\" href=\"mailto:service.animation@sivosgarlin.fr\" target=\"_blank\" rel=\"noopener noreferrer\">espacejeunes@csap.fr <\/a><\/span><\/p>\n<div data-hook=\"rcv-block33\"><\/div>\n<p id=\"viewer-9kgdh\" class=\"mm8Nw _1j-51 _1atvN _1FoOD _3M0Fe _2WrB- _1atvN public-DraftStyleDefault-block-depth0 public-DraftStyleDefault-text-ltr\"><span class=\"_2PHJq public-DraftStyleDefault-ltr\"><strong><u class=\"_3zM-5\">Etape 2 &#8211; Envoi \u00e0 l\u2019Espace Jeunes concern\u00e9 ou d\u00e9p\u00f4t des documents obligatoires <\/u><\/strong><\/span><\/p>\n<p id=\"viewer-78bq3\" class=\"mm8Nw _1j-51 _1atvN _1FoOD _3M0Fe _2WrB- _1atvN public-DraftStyleDefault-block-depth0 public-DraftStyleDefault-text-ltr\"><span class=\"_2PHJq public-DraftStyleDefault-ltr\">\u00b7 Fiche de renseignement obligatoire (\u00e0 t\u00e9l\u00e9charger)<\/span><\/p>\n<p>[\/vc_column_text][vc_btn title=\u00a0\u00bbFiche de renseignements ann\u00e9e scolaire 2021-2022&Prime; style=\u00a0\u00bbclassic\u00a0\u00bb color=\u00a0\u00bbdanger\u00a0\u00bb i_icon_fontawesome=\u00a0\u00bbfa fa-file-pdf-o\u00a0\u00bb link=\u00a0\u00bburl:https%3A%2F%2Fwww.sivosgarlin.fr%2Fwp-content%2Fuploads%2F2021%2F10%2FFicheRenseignement-2021-22_aremplir.pdf||\u00a0\u00bb add_icon=\u00a0\u00bbtrue\u00a0\u00bb][vc_column_text]<\/p>\n<p id=\"viewer-9tpfl\" class=\"mm8Nw _1j-51 _1atvN _1FoOD _3M0Fe _2WrB- _1atvN public-DraftStyleDefault-block-depth0 public-DraftStyleDefault-text-ltr\"><span class=\"_2PHJq public-DraftStyleDefault-ltr\"> \u00b7 Allocataires &#8211; Attestation de quotient familial CAF-MSA \/ attestation ATL CAF ou bon vacances MSA <\/span><\/p>\n<p id=\"viewer-8aa2v\" class=\"mm8Nw _1j-51 _1atvN _1FoOD _3M0Fe _2WrB- _1atvN public-DraftStyleDefault-block-depth0 public-DraftStyleDefault-text-ltr\"><span class=\"_2PHJq public-DraftStyleDefault-ltr\"> Non allocataires \u2013 le dernier avis d\u2019imposition <\/span><\/p>\n<p id=\"viewer-4besd\" class=\"mm8Nw _1j-51 _1atvN _1FoOD _3M0Fe _2WrB- _1atvN public-DraftStyleDefault-block-depth0 public-DraftStyleDefault-text-ltr\"><span class=\"_2PHJq public-DraftStyleDefault-ltr\"><strong><u class=\"_3zM-5\">Etape 3 \u2013 Confirmation d\u2019inscription ou positionnement sur liste d\u2019attente envoy\u00e9e par mail par les Espaces Jeunes<\/u><\/strong><\/span><\/p>\n<p id=\"viewer-dk5ht\" class=\"mm8Nw _1j-51 _1atvN _1FoOD _3M0Fe _2WrB- _1atvN public-DraftStyleDefault-block-depth0 public-DraftStyleDefault-text-ltr\"><span class=\"_2PHJq public-DraftStyleDefault-ltr\">N\u2019h\u00e9sitez pas \u00e0 nous contacter pour la moindre question.<\/span><\/p>\n<p>[\/vc_column_text][\/vc_column][\/vc_row]<\/p>\n","protected":false},"excerpt":{"rendered":"<p>[vc_row][vc_column][vc_column_text] Dans le cadre de la politique communautaire en faveur de la jeunesse, 3 espaces jeunes vous accueillent sur le territoire \u00e0 Arzacq-Arraziguet, \u00e0 Garlin et \u00e0 Serres-Castet. La coop\u00e9ration entre les acteurs op\u00e9rationnels permet de proposer aux jeunes de 11 \u00e0 15 ans une offre d\u2018animation importante et de qualit\u00e9. L\u2019Espace Jeunes constitue un &#8230;<\/p>\n","protected":false},"author":5,"featured_media":5407,"comment_status":"closed","ping_status":"open","sticky":false,"template":"","format":"standard","meta":{"footnotes":""},"categories":[1],"tags":[],"class_list":["post-5404","post","type-post","status-publish","format-standard","has-post-thumbnail","hentry","category-non-classe"],"post_mailing_queue_ids":[],"_links":{"self":[{"href":"https:\/\/www.sivosgarlin.fr\/index.php\/wp-json\/wp\/v2\/posts\/5404","targetHints":{"allow":["GET"]}}],"collection":[{"href":"https:\/\/www.sivosgarlin.fr\/index.php\/wp-json\/wp\/v2\/posts"}],"about":[{"href":"https:\/\/www.sivosgarlin.fr\/index.php\/wp-json\/wp\/v2\/types\/post"}],"author":[{"embeddable":true,"href":"https:\/\/www.sivosgarlin.fr\/index.php\/wp-json\/wp\/v2\/users\/5"}],"replies":[{"embeddable":true,"href":"https:\/\/www.sivosgarlin.fr\/index.php\/wp-json\/wp\/v2\/comments?post=5404"}],"version-history":[{"count":1,"href":"https:\/\/www.sivosgarlin.fr\/index.php\/wp-json\/wp\/v2\/posts\/5404\/revisions"}],"predecessor-version":[{"id":5408,"href":"https:\/\/www.sivosgarlin.fr\/index.php\/wp-json\/wp\/v2\/posts\/5404\/revisions\/5408"}],"wp:featuredmedia":[{"embeddable":true,"href":"https:\/\/www.sivosgarlin.fr\/index.php\/wp-json\/wp\/v2\/media\/5407"}],"wp:attachment":[{"href":"https:\/\/www.sivosgarlin.fr\/index.php\/wp-json\/wp\/v2\/media?parent=5404"}],"wp:term":[{"taxonomy":"category","embeddable":true,"href":"https:\/\/www.sivosgarlin.fr\/index.php\/wp-json\/wp\/v2\/categories?post=5404"},{"taxonomy":"post_tag","embeddable":true,"href":"https:\/\/www.sivosgarlin.fr\/index.php\/wp-json\/wp\/v2\/tags?post=5404"}],"curies":[{"name":"wp","href":"https:\/\/api.w.org\/{rel}","templated":true}]}}