{"id":5185,"date":"2021-06-18T15:32:47","date_gmt":"2021-06-18T13:32:47","guid":{"rendered":"https:\/\/www.sivosgarlin.fr\/?p=5185"},"modified":"2021-06-18T15:42:17","modified_gmt":"2021-06-18T13:42:17","slug":"espace-jeunes-ete-2021","status":"publish","type":"post","link":"https:\/\/www.sivosgarlin.fr\/index.php\/2021\/06\/18\/espace-jeunes-ete-2021\/","title":{"rendered":"Espace Jeunes &#8211; ETE 2021"},"content":{"rendered":"<p>[vc_row][vc_column][vc_column_text]<\/p>\n<h1 class=\"_2zPFV _3hhFM blog-post-title-font blog-post-title-color blog-text-color post-title blog-hover-container-element-color _3DFPj blog-post-page-title-font\" data-hook=\"post-title\"><span class=\"post-title__text blog-post-title-font blog-post-title-color\"><span class=\"blog-post-title-font blog-post-title-color\">Pr\u00e9-inscriptions Activit\u00e9s Espaces Jeunes \/ Vacances d&rsquo;\u00e9t\u00e9 2021<\/span><\/span><\/h1>\n<p>[\/vc_column_text][\/vc_column][\/vc_row][vc_row][vc_column width=\u00a0\u00bb1\/2&Prime;][vc_single_image image=\u00a0\u00bb5186&Prime; img_size=\u00a0\u00bblarge\u00a0\u00bb][\/vc_column][vc_column width=\u00a0\u00bb1\/2&Prime;][vc_column_text]<\/p>\n<p id=\"viewer-adscl\" class=\"XzvDs _208Ie _1atvN _2QAo- _25MYV _2WrB- _1atvN public-DraftStyleDefault-block-depth0 public-DraftStyleDefault-text-ltr\"><span class=\"vkIF2 public-DraftStyleDefault-ltr\"><strong>Dans le cadre de la politique communautaire en faveur de la jeunesse, 3 espaces jeunes vous accueillent sur le territoire \u00e0 Arzacq-Arraziguet, \u00e0 Garlin et \u00e0 Serres-Castet.<\/strong><\/span><\/p>\n<div data-hook=\"rcv-block3\"><\/div>\n<p id=\"viewer-968vg\" class=\"XzvDs _208Ie _1atvN _2QAo- _25MYV _2WrB- _1atvN public-DraftStyleDefault-block-depth0 public-DraftStyleDefault-text-ltr\"><span class=\"vkIF2 public-DraftStyleDefault-ltr\">La coop\u00e9ration entre les acteurs op\u00e9rationnels permet de proposer aux jeunes de 11 \u00e0 15 ans une offre d\u2018animation importante et de qualit\u00e9.<\/span><\/p>\n<div data-hook=\"rcv-block4\"><\/div>\n<p id=\"viewer-cv06p\" class=\"XzvDs _208Ie _1atvN _2QAo- _25MYV _2WrB- _1atvN public-DraftStyleDefault-block-depth0 public-DraftStyleDefault-text-ltr\"><span class=\"vkIF2 public-DraftStyleDefault-ltr\">L\u2019Espace Jeunes constitue un v\u00e9ritable espace de loisirs, d\u2019\u00e9change, de rencontre, d\u2019\u00e9coute, d\u2019information et de pr\u00e9vention r\u00e9pondant \u00e0 des objectifs \u00e9ducatifs pr\u00e9cis :<\/span><\/p>\n<div data-hook=\"rcv-block5\"><\/div>\n<p id=\"viewer-io2i\" class=\"XzvDs _208Ie _1atvN _2QAo- _25MYV _2WrB- _1atvN public-DraftStyleDefault-block-depth0 public-DraftStyleDefault-text-ltr\"><span class=\"vkIF2 public-DraftStyleDefault-ltr\">&#8211; Contribuer au d\u00e9veloppement personnel et \u00e0 la socialisation des jeunes <\/span><\/p>\n<div data-hook=\"rcv-block6\"><\/div>\n<p id=\"viewer-bi7n8\" class=\"XzvDs _208Ie _1atvN _2QAo- _25MYV _2WrB- _1atvN public-DraftStyleDefault-block-depth0 public-DraftStyleDefault-text-ltr\"><span class=\"vkIF2 public-DraftStyleDefault-ltr\">&#8211; Permettre aux jeunes de s\u2019approprier leur environnement en tant que citoyen d\u2019un territoire<\/span><\/p>\n<div data-hook=\"rcv-block7\"><\/div>\n<p id=\"viewer-3qlfr\" class=\"XzvDs _208Ie _1atvN _2QAo- _25MYV _2WrB- _1atvN public-DraftStyleDefault-block-depth0 public-DraftStyleDefault-text-ltr\"><span class=\"vkIF2 public-DraftStyleDefault-ltr\">&#8211; Sensibiliser les jeunes aux questions de sant\u00e9 et d\u2019exclusion<\/span><\/p>\n<div data-hook=\"rcv-block8\"><\/div>\n<p id=\"viewer-a4tk4\" class=\"XzvDs _208Ie _1atvN _2QAo- _25MYV _2WrB- _1atvN public-DraftStyleDefault-block-depth0 public-DraftStyleDefault-text-ltr\"><span class=\"vkIF2 public-DraftStyleDefault-ltr\">Ces Espaces Jeunes sont encadr\u00e9s par du personnel qualifi\u00e9 et d\u00e9clar\u00e9 aupr\u00e8s de la Direction D\u00e9partementale de la Coh\u00e9sion Sociale.<\/span><\/p>\n<div data-hook=\"rcv-block9\"><\/div>\n<p>[\/vc_column_text][\/vc_column][\/vc_row][vc_row][vc_column][vc_btn title=\u00a0\u00bbT\u00e9l\u00e9charger\u00a0\u00bb style=\u00a0\u00bbclassic\u00a0\u00bb color=\u00a0\u00bbdanger\u00a0\u00bb i_icon_fontawesome=\u00a0\u00bbfa fa-file-pdf-o\u00a0\u00bb add_icon=\u00a0\u00bbtrue\u00a0\u00bb link=\u00a0\u00bburl:https%3A%2F%2Fwww.sivosgarlin.fr%2Fwp-content%2Fuploads%2F2021%2F06%2FAJEUNDA-Espaces-Jeunes-Ete-2021-web.pdf||\u00a0\u00bb][vc_column_text]<\/p>\n<p id=\"viewer-ctjk6\" class=\"XzvDs _208Ie _1atvN _2QAo- _25MYV _2WrB- _1atvN public-DraftStyleDefault-block-depth0 public-DraftStyleDefault-text-ltr\"><span class=\"vkIF2 public-DraftStyleDefault-ltr\">Durant l\u2019ann\u00e9e scolaire 2020-2021, les Espaces Jeunes du territoire sont ouverts durant les vacances scolaires, sauf celles de No\u00ebl, selon 5 formats d\u2019activit\u00e9 : journ\u00e9e, apr\u00e8s-midi, apr\u00e8s-midi\/soir\u00e9e, stage &amp; s\u00e9jours (suivant le contexte sanitaire).<\/span>Un protocole sanitaire est mis en place au sein de chaque structure dans le respect du cadre r\u00e8glementaire relatif aux Accueils Collectifs de Mineurs.<\/p>\n<p id=\"viewer-603ej\" class=\"XzvDs _208Ie _1atvN _2QAo- _25MYV _2WrB- _1atvN public-DraftStyleDefault-block-depth0 public-DraftStyleDefault-text-ltr\"><span class=\"vkIF2 public-DraftStyleDefault-ltr\"><em><u class=\"sDZYg\">Crit\u00e8res de priorit\u00e9<\/u> : <\/em><\/span><\/p>\n<p id=\"viewer-57na9\" class=\"XzvDs _208Ie _1atvN _2QAo- _25MYV _2WrB- _1atvN public-DraftStyleDefault-block-depth0 public-DraftStyleDefault-text-ltr\"><span class=\"vkIF2 public-DraftStyleDefault-ltr\">L\u2019accueil est r\u00e9serv\u00e9 en priorit\u00e9 aux jeunes actuellement coll\u00e9giens r\u00e9sidants et\/ou scolaris\u00e9s sur le territoire intercommunal. <\/span><\/p>\n<p id=\"viewer-5ln60\" class=\"XzvDs _208Ie _1atvN _2QAo- _25MYV _2WrB- _1atvN public-DraftStyleDefault-block-depth0 public-DraftStyleDefault-text-ltr\"><span class=\"vkIF2 public-DraftStyleDefault-ltr\"><strong>Au regard de la situation sanitaire, afin d\u2019\u00e9viter le brassage des jeunes sur le territoire, vous devrez prioritairement inscrire votre (vos) enfants aux activit\u00e9s de l\u2019Espace Jeunes correspondant au territoire de leur coll\u00e8ge ou au territoire d\u2019habitation. <\/strong><\/span><\/p>\n<p id=\"viewer-3lms8\" class=\"XzvDs _208Ie _1atvN _2QAo- _25MYV _2WrB- _1atvN public-DraftStyleDefault-block-depth0 public-DraftStyleDefault-text-ltr\"><span class=\"vkIF2 public-DraftStyleDefault-ltr\">Merci de votre compr\u00e9hension. <\/span><\/p>\n<div data-hook=\"rcv-block18\"><\/div>\n<p id=\"viewer-1v4gq\" class=\"XzvDs _208Ie _1atvN _2QAo- _25MYV _2WrB- _1atvN public-DraftStyleDefault-block-depth0 public-DraftStyleDefault-text-ltr\"><span class=\"vkIF2 public-DraftStyleDefault-ltr\">T\u00e9l\u00e9chargez le programme ci-dessous<\/span><\/p>\n<p>[\/vc_column_text][vc_column_text]<\/p>\n<h3 id=\"viewer-k3aa\" class=\"_3tkn1 _208Ie _2QAo- _25MYV _2WrB- _1atvN public-DraftStyleDefault-block-depth0 public-DraftStyleDefault-text-ltr\"><span class=\"vkIF2 public-DraftStyleDefault-ltr\"><strong>Proc\u00e9dures d\u2019inscription Vacances d&rsquo;\u00e9t\u00e9 2021 : <\/strong><\/span><\/h3>\n<p id=\"viewer-2jog8\" class=\"XzvDs _208Ie _1atvN _2QAo- _25MYV _2WrB- _1atvN public-DraftStyleDefault-block-depth0 public-DraftStyleDefault-text-ltr\"><span class=\"vkIF2 public-DraftStyleDefault-ltr\"><strong><u class=\"sDZYg\">Etape 1 &#8211; Pr\u00e9-inscription via ce lien sur l\u2019Espace Jeunes de votre territoire ou par t\u00e9l\u00e9phone <\/u><\/strong><\/span><\/p>\n<p id=\"viewer-9hko7\" class=\"XzvDs _208Ie _1atvN _2QAo- _25MYV _2WrB- _1atvN public-DraftStyleDefault-block-depth0 public-DraftStyleDefault-text-ltr\"><span class=\"vkIF2 public-DraftStyleDefault-ltr\"> \u00b7 Espace Jeunes Arzacq : <span style=\"color: #3366ff;\"><a class=\"_2qJYG _2E8wo\" style=\"color: #3366ff;\" href=\"https:\/\/forms.gle\/avhLfyxkj7cELV749\" target=\"_blank\" rel=\"noopener noreferrer\">https:\/\/forms.gle\/avhLfyxkj7cELV749<\/a><\/span><\/span><\/p>\n<p id=\"viewer-38rqj\" class=\"XzvDs _208Ie _1atvN _2QAo- _25MYV _2WrB- _1atvN public-DraftStyleDefault-block-depth0 public-DraftStyleDefault-text-ltr\"><span class=\"vkIF2 public-DraftStyleDefault-ltr\">Contact : 07 87 21 01 38 \u2013 <a class=\"_2qJYG _2E8wo\" href=\"mailto:animationjeunesse@cclb64.fr\" target=\"_blank\" rel=\"noopener noreferrer\">animationjeunesse@cclb64.fr<\/a><\/span><\/p>\n<p id=\"viewer-2873u\" class=\"XzvDs _208Ie _1atvN _2QAo- _25MYV _2WrB- _1atvN public-DraftStyleDefault-block-depth0 public-DraftStyleDefault-text-ltr\"><span class=\"vkIF2 public-DraftStyleDefault-ltr\">\u00b7 Espace Jeunes Garlin : \u00b7 <span style=\"color: #3366ff;\"><a class=\"_2qJYG _2E8wo\" style=\"color: #3366ff;\" href=\"https:\/\/espacefamille.aiga.fr\/1356550\" target=\"_blank\" rel=\"noopener noreferrer\">https:\/\/espacefamille.aiga.fr\/1356550<\/a><\/span><\/span><\/p>\n<p id=\"viewer-ih1o\" class=\"XzvDs _208Ie _1atvN _2QAo- _25MYV _2WrB- _1atvN public-DraftStyleDefault-block-depth0 public-DraftStyleDefault-text-ltr\"><span class=\"vkIF2 public-DraftStyleDefault-ltr\">Contact : 05 59 04 78 64 \u2013 <a class=\"_2qJYG _2E8wo\" href=\"mailto:service.animation@sivosgarlin.fr\" target=\"_blank\" rel=\"noopener noreferrer\">service.animation@sivosgarlin.fr<\/a><\/span><\/p>\n<p id=\"viewer-ai1r4\" class=\"XzvDs _208Ie _1atvN _2QAo- _25MYV _2WrB- _1atvN public-DraftStyleDefault-block-depth0 public-DraftStyleDefault-text-ltr\"><span class=\"vkIF2 public-DraftStyleDefault-ltr\">\u00b7 Espace Jeunes Serres-Castet : \u00b7<span style=\"color: #3366ff;\"> <a class=\"_2qJYG _2E8wo\" style=\"color: #3366ff;\" href=\"https:\/\/forms.gle\/hvKkv7syHMP7DQwg9\" target=\"_blank\" rel=\"noopener noreferrer\">https:\/\/forms.gle\/hvKkv7syHMP7DQwg9<\/a><\/span><\/span><\/p>\n<p id=\"viewer-b027i\" class=\"XzvDs _208Ie _1atvN _2QAo- _25MYV _2WrB- _1atvN public-DraftStyleDefault-block-depth0 public-DraftStyleDefault-text-ltr\"><span class=\"vkIF2 public-DraftStyleDefault-ltr\">Contact : 05 59 33 11 66 \u2013 <a class=\"_2qJYG _2E8wo\" href=\"mailto:service.animation@sivosgarlin.fr\" target=\"_blank\" rel=\"noopener noreferrer\">espacejeunes@csap.fr <\/a><\/span><\/p>\n<div data-hook=\"rcv-block34\"><\/div>\n<p id=\"viewer-9kgdh\" class=\"XzvDs _208Ie _1atvN _2QAo- _25MYV _2WrB- _1atvN public-DraftStyleDefault-block-depth0 public-DraftStyleDefault-text-ltr\"><span class=\"vkIF2 public-DraftStyleDefault-ltr\"><strong><u class=\"sDZYg\">Etape 2 &#8211; Envoi \u00e0 l\u2019Espace Jeunes concern\u00e9 ou d\u00e9p\u00f4t des documents obligatoires <\/u><\/strong><\/span><\/p>\n<p id=\"viewer-78bq3\" class=\"XzvDs _208Ie _1atvN _2QAo- _25MYV _2WrB- _1atvN public-DraftStyleDefault-block-depth0 public-DraftStyleDefault-text-ltr\"><span class=\"vkIF2 public-DraftStyleDefault-ltr\"><u class=\"sDZYg\">Uniquement pour ceux n\u2019ayant pas particip\u00e9 \u00e0 au moins 1 activit\u00e9 sur un des Espaces Jeunes durant les vacances d\u2019Automne 2020 et de f\u00e9vrier 2021.<\/u> <\/span><\/p>\n<p id=\"viewer-f6551\" class=\"XzvDs _208Ie _1atvN _2QAo- _25MYV _2WrB- _1atvN public-DraftStyleDefault-block-depth0 public-DraftStyleDefault-text-ltr\"><span class=\"vkIF2 public-DraftStyleDefault-ltr\">\u00b7 <span style=\"color: #3366ff;\"><a class=\"_2qJYG _2E8wo\" style=\"color: #3366ff;\" href=\"https:\/\/4486eeeb-4eb3-4504-9958-666611daeecf.usrfiles.com\/ugd\/4486ee_43bc5a79258a4fc7bfe2e0f0b5e77dee.pdf\" target=\"_blank\" rel=\"noopener noreferrer\"><u class=\"sDZYg\">Fiche de renseignement obligatoire<\/u><\/a><\/span> (\u00e0 t\u00e9l\u00e9charger) <\/span><\/p>\n<p id=\"viewer-a1c1s\" class=\"XzvDs _208Ie _1atvN _2QAo- _25MYV _2WrB- _1atvN public-DraftStyleDefault-block-depth0 public-DraftStyleDefault-text-ltr\"><span class=\"vkIF2 public-DraftStyleDefault-ltr\">\u00b7 Allocataires &#8211; Attestation de quotient familial CAF-MSA \/ attestation ATL CAF ou bon vacances MSA <\/span><\/p>\n<p id=\"viewer-8aa2v\" class=\"XzvDs _208Ie _1atvN _2QAo- _25MYV _2WrB- _1atvN public-DraftStyleDefault-block-depth0 public-DraftStyleDefault-text-ltr\"><span class=\"vkIF2 public-DraftStyleDefault-ltr\"> Non allocataires \u2013 le dernier avis d\u2019imposition <\/span><\/p>\n<p>&nbsp;<\/p>\n<p id=\"viewer-4besd\" class=\"XzvDs _208Ie _1atvN _2QAo- _25MYV _2WrB- _1atvN public-DraftStyleDefault-block-depth0 public-DraftStyleDefault-text-ltr\"><span class=\"vkIF2 public-DraftStyleDefault-ltr\"><strong><u class=\"sDZYg\">Etape 3 \u2013 Confirmation d\u2019inscription ou positionnement sur liste d\u2019attente envoy\u00e9e par mail par les Espaces Jeunes<\/u><\/strong><\/span><\/p>\n<p id=\"viewer-dk5ht\" class=\"XzvDs _208Ie _1atvN _2QAo- _25MYV _2WrB- _1atvN public-DraftStyleDefault-block-depth0 public-DraftStyleDefault-text-ltr\"><span class=\"vkIF2 public-DraftStyleDefault-ltr\">N\u2019h\u00e9sitez pas \u00e0 nous contacter pour la moindre question.<\/span><\/p>\n<p>[\/vc_column_text][\/vc_column][\/vc_row]<\/p>\n","protected":false},"excerpt":{"rendered":"<p>[vc_row][vc_column][vc_column_text] Pr\u00e9-inscriptions Activit\u00e9s Espaces Jeunes \/ Vacances d&rsquo;\u00e9t\u00e9 2021 [\/vc_column_text][\/vc_column][\/vc_row][vc_row][vc_column width=\u00a0\u00bb1\/2&Prime;][vc_single_image image=\u00a0\u00bb5186&Prime; img_size=\u00a0\u00bblarge\u00a0\u00bb][\/vc_column][vc_column width=\u00a0\u00bb1\/2&Prime;][vc_column_text] Dans le cadre de la politique communautaire en faveur de la jeunesse, 3 espaces jeunes vous accueillent sur le territoire \u00e0 Arzacq-Arraziguet, \u00e0 Garlin et \u00e0 Serres-Castet. La coop\u00e9ration entre les acteurs op\u00e9rationnels permet de proposer aux jeunes de 11 \u00e0 &#8230;<\/p>\n","protected":false},"author":5,"featured_media":5186,"comment_status":"closed","ping_status":"open","sticky":false,"template":"","format":"standard","meta":{"footnotes":""},"categories":[1],"tags":[],"class_list":["post-5185","post","type-post","status-publish","format-standard","has-post-thumbnail","hentry","category-non-classe"],"post_mailing_queue_ids":[],"_links":{"self":[{"href":"https:\/\/www.sivosgarlin.fr\/index.php\/wp-json\/wp\/v2\/posts\/5185","targetHints":{"allow":["GET"]}}],"collection":[{"href":"https:\/\/www.sivosgarlin.fr\/index.php\/wp-json\/wp\/v2\/posts"}],"about":[{"href":"https:\/\/www.sivosgarlin.fr\/index.php\/wp-json\/wp\/v2\/types\/post"}],"author":[{"embeddable":true,"href":"https:\/\/www.sivosgarlin.fr\/index.php\/wp-json\/wp\/v2\/users\/5"}],"replies":[{"embeddable":true,"href":"https:\/\/www.sivosgarlin.fr\/index.php\/wp-json\/wp\/v2\/comments?post=5185"}],"version-history":[{"count":4,"href":"https:\/\/www.sivosgarlin.fr\/index.php\/wp-json\/wp\/v2\/posts\/5185\/revisions"}],"predecessor-version":[{"id":5191,"href":"https:\/\/www.sivosgarlin.fr\/index.php\/wp-json\/wp\/v2\/posts\/5185\/revisions\/5191"}],"wp:featuredmedia":[{"embeddable":true,"href":"https:\/\/www.sivosgarlin.fr\/index.php\/wp-json\/wp\/v2\/media\/5186"}],"wp:attachment":[{"href":"https:\/\/www.sivosgarlin.fr\/index.php\/wp-json\/wp\/v2\/media?parent=5185"}],"wp:term":[{"taxonomy":"category","embeddable":true,"href":"https:\/\/www.sivosgarlin.fr\/index.php\/wp-json\/wp\/v2\/categories?post=5185"},{"taxonomy":"post_tag","embeddable":true,"href":"https:\/\/www.sivosgarlin.fr\/index.php\/wp-json\/wp\/v2\/tags?post=5185"}],"curies":[{"name":"wp","href":"https:\/\/api.w.org\/{rel}","templated":true}]}}