{"id":5128,"date":"2021-05-11T16:10:18","date_gmt":"2021-05-11T14:10:18","guid":{"rendered":"https:\/\/www.sivosgarlin.fr\/?p=5128"},"modified":"2021-05-12T17:07:51","modified_gmt":"2021-05-12T15:07:51","slug":"espace-jeunes-mercredis","status":"publish","type":"post","link":"https:\/\/www.sivosgarlin.fr\/index.php\/2021\/05\/11\/espace-jeunes-mercredis\/","title":{"rendered":"Espace Jeunes &#8211; MERCREDIS"},"content":{"rendered":"<p>[vc_row][vc_column width=\u00a0\u00bb1\/2&Prime;][vc_column_text]Nous y voil\u00e0 ! L&rsquo;Espace Jeunes de Garlin ouvre ses portes !<br \/>\nSitu\u00e9 \u00e0 proximit\u00e9 du coll\u00e8ge dans les locaux du Syndicat, nous t&rsquo;accueillerons les mercredis apr\u00e8s-midi du <strong><em>19 mai au 16 juin<\/em><\/strong> entre <em><strong>12h30 et 18h30<\/strong><\/em>.<br \/>\nAfin de te permettre de d\u00e9couvrir ce nouveau lieu, destin\u00e9 aux coll\u00e9giens, <span style=\"text-decoration: underline;\"><strong>l&rsquo;accueil sera\u00a0gratuit\u00a0<\/strong><\/span> sur cette p\u00e9riode. De nombreuses activit\u00e9s te seront propos\u00e9es. L&rsquo;occasion de t&rsquo;amuser tout en passant un moment entre potes.<br \/>\nL&rsquo;accueil se fera au coll\u00e8ge aupr\u00e8s de C\u00e9line, animatrice et responsable de l&rsquo;Espace Jeunes, pour prendre le repas au self. Il faudra acheter ton ticket et r\u00e9server ton repas aupr\u00e8s de l&rsquo;intendance au minimum la veille. Les repas seront factur\u00e9s par le coll\u00e8ge.<br \/>\nPour t&rsquo;inscrire, rien de plus simple. Rendez-vous sur <span style=\"color: #00ccff;\"><a style=\"color: #00ccff;\" href=\"https:\/\/espacefamille.aiga.fr\/index.html?dossier=1356550#connexion&amp;113745\">l&rsquo;Espace Famille I&rsquo;No\u00e9 <\/a><\/span>afin de s&rsquo;inscrire sur l&rsquo;activit\u00e9 \u00ab\u00a0ESP. JEUNES MERCREDI 2020\/2021&Prime;. L&rsquo;inscription est n\u00e9cessaire afin de faciliter l&rsquo;organisation de l&rsquo;accueil. Pour une premi\u00e8re inscription, une notice d&rsquo;utilisation est consultable en fin d&rsquo;article.<br \/>\nLe programme d&rsquo;animation de la p\u00e9riode est visible ci-dessous.[\/vc_column_text][\/vc_column][vc_column width=\u00a0\u00bb1\/2&Prime;][vc_single_image image=\u00a0\u00bb5144&Prime; img_size=\u00a0\u00bbfull\u00a0\u00bb alignment=\u00a0\u00bbright\u00a0\u00bb onclick=\u00a0\u00bbimg_link_large\u00a0\u00bb][\/vc_column][\/vc_row][vc_row][vc_column][vc_single_image image=\u00a0\u00bb5130&Prime; img_size=\u00a0\u00bblarge\u00a0\u00bb alignment=\u00a0\u00bbcenter\u00a0\u00bb onclick=\u00a0\u00bbzoom\u00a0\u00bb][vc_column_text]Pour finaliser l&rsquo;inscription, il faudra nous fournir les documents suivants (en version papier, ou num\u00e9rique sur l&rsquo;Espace Famille onglet \u00ab\u00a0Mes Documents\u00a0\u00bb):<br \/>\n&#8211; Attestation d&rsquo;assurance scolaire pour l&rsquo;ann\u00e9e en cours<br \/>\n&#8211; Photocopie du carnet de vaccination<br \/>\n&#8211; PAI si traitement m\u00e9dical<\/p>\n<p>Pour tout renseignement, n&rsquo;h\u00e9sitez pas \u00e0 nous contacter:<br \/>\n&#8211; Par t\u00e9l\u00e9phone : 05.59.04.78.64<br \/>\n&#8211; Par mail: service.animation@sivosgarlin.fr<br \/>\n&#8211; Dans nos bureaux: 3, Place de la libert\u00e9 \u00e0 Garlin (64330)<br \/>\nEspace Familles I&rsquo;No\u00e9: Page de connexion : <span style=\"color: #00ccff;\"><a style=\"color: #00ccff;\" href=\"https:\/\/espacefamille.aiga.fr\/index.html?dossier=1356550#connexion&amp;113745\">https:\/\/espacefamille.aiga.fr\/index.html?dossier=1356550#connexion&amp;113745<\/a><\/span>[\/vc_column_text][vc_btn title=\u00a0\u00bbNotice d&rsquo;utilisation EF I&rsquo;No\u00e9 \u00a0\u00bb style=\u00a0\u00bbclassic\u00a0\u00bb color=\u00a0\u00bbdanger\u00a0\u00bb size=\u00a0\u00bbsm\u00a0\u00bb align=\u00a0\u00bbleft\u00a0\u00bb i_icon_fontawesome=\u00a0\u00bbfa fa-file-pdf-o\u00a0\u00bb link=\u00a0\u00bburl:https%3A%2F%2Fwww.sivosgarlin.fr%2Fwp-content%2Fuploads%2F2021%2F05%2FPlaquette-EF-INOE-rotated.jpg||\u00a0\u00bb add_icon=\u00a0\u00bbtrue\u00a0\u00bb][\/vc_column][\/vc_row]<\/p>\n","protected":false},"excerpt":{"rendered":"<p>[vc_row][vc_column width=\u00a0\u00bb1\/2&Prime;][vc_column_text]Nous y voil\u00e0 ! L&rsquo;Espace Jeunes de Garlin ouvre ses portes ! Situ\u00e9 \u00e0 proximit\u00e9 du coll\u00e8ge dans les locaux du Syndicat, nous t&rsquo;accueillerons les mercredis apr\u00e8s-midi du 19 mai au 16 juin entre 12h30 et 18h30. Afin de te permettre de d\u00e9couvrir ce nouveau lieu, destin\u00e9 aux coll\u00e9giens, l&rsquo;accueil sera\u00a0gratuit\u00a0 sur cette p\u00e9riode. &#8230;<\/p>\n","protected":false},"author":5,"featured_media":5133,"comment_status":"closed","ping_status":"open","sticky":false,"template":"","format":"standard","meta":{"footnotes":""},"categories":[1],"tags":[],"class_list":["post-5128","post","type-post","status-publish","format-standard","has-post-thumbnail","hentry","category-non-classe"],"post_mailing_queue_ids":[],"_links":{"self":[{"href":"https:\/\/www.sivosgarlin.fr\/index.php\/wp-json\/wp\/v2\/posts\/5128","targetHints":{"allow":["GET"]}}],"collection":[{"href":"https:\/\/www.sivosgarlin.fr\/index.php\/wp-json\/wp\/v2\/posts"}],"about":[{"href":"https:\/\/www.sivosgarlin.fr\/index.php\/wp-json\/wp\/v2\/types\/post"}],"author":[{"embeddable":true,"href":"https:\/\/www.sivosgarlin.fr\/index.php\/wp-json\/wp\/v2\/users\/5"}],"replies":[{"embeddable":true,"href":"https:\/\/www.sivosgarlin.fr\/index.php\/wp-json\/wp\/v2\/comments?post=5128"}],"version-history":[{"count":6,"href":"https:\/\/www.sivosgarlin.fr\/index.php\/wp-json\/wp\/v2\/posts\/5128\/revisions"}],"predecessor-version":[{"id":5145,"href":"https:\/\/www.sivosgarlin.fr\/index.php\/wp-json\/wp\/v2\/posts\/5128\/revisions\/5145"}],"wp:featuredmedia":[{"embeddable":true,"href":"https:\/\/www.sivosgarlin.fr\/index.php\/wp-json\/wp\/v2\/media\/5133"}],"wp:attachment":[{"href":"https:\/\/www.sivosgarlin.fr\/index.php\/wp-json\/wp\/v2\/media?parent=5128"}],"wp:term":[{"taxonomy":"category","embeddable":true,"href":"https:\/\/www.sivosgarlin.fr\/index.php\/wp-json\/wp\/v2\/categories?post=5128"},{"taxonomy":"post_tag","embeddable":true,"href":"https:\/\/www.sivosgarlin.fr\/index.php\/wp-json\/wp\/v2\/tags?post=5128"}],"curies":[{"name":"wp","href":"https:\/\/api.w.org\/{rel}","templated":true}]}}