{"id":4522,"date":"2020-05-15T14:36:21","date_gmt":"2020-05-15T12:36:21","guid":{"rendered":"https:\/\/www.sivosgarlin.fr\/?p=4522"},"modified":"2021-03-26T15:17:56","modified_gmt":"2021-03-26T14:17:56","slug":"ouverture-des-ecoles-a-compter-du-14-05","status":"publish","type":"post","link":"https:\/\/www.sivosgarlin.fr\/index.php\/2020\/05\/15\/ouverture-des-ecoles-a-compter-du-14-05\/","title":{"rendered":"OUVERTURE DES ECOLES A COMPTER DU 14\/05"},"content":{"rendered":"<p>[vc_row][vc_column][vc_column_text]Les \u00e9coles du Syndicat vont r\u00e9ouvrir le jeudi 14 mai prochain, apr\u00e8s 8 semaines de confinement.<\/p>\n<p>En concertation avec les enseignants, nous tenions \u00e0 vous informer des mesures mises en place pour accueillir vos enfants dans les meilleures conditions, en respectant les directives strictes du protocole sanitaire publi\u00e9 par le minist\u00e8re de l\u2019\u00e9ducation nationale.<\/p>\n<ul>\n<li><strong>HYGI\u00c8NE ET ENTRETIEN<\/strong><\/li>\n<\/ul>\n<p>Une d\u00e9sinfection compl\u00e8te des locaux a \u00e9t\u00e9 men\u00e9e avant la rentr\u00e9e les 12 et 13 mai.<\/p>\n<p>En plus de la d\u00e9sinfection quotidienne des classes le midi et de la d\u00e9sinfection de l\u2019ensemble de l\u2019\u00e9cole tous les soirs, un agent est d\u00e9di\u00e9 durant tout le temps scolaire \u00e0 la d\u00e9sinfection des surfaces contacts et des sanitaires plusieurs fois par jour.<\/p>\n<p>Des distributeurs \u00e0 savons et \u00e0 essuie-mains individuels ont \u00e9t\u00e9 plac\u00e9s dans chaque classe afin de faciliter le lavage r\u00e9gulier des mains.<\/p>\n<p>Tous nos agents sont \u00e9quip\u00e9s de masques lavables r\u00e9utilisables et ont \u00e9t\u00e9 inform\u00e9s de l\u2019importance du respect des gestes barri\u00e8res autant aupr\u00e8s des adultes que des enfants.<\/p>\n<ul>\n<li><strong>RESTAURATION SCOLAIRE<\/strong><\/li>\n<\/ul>\n<p>Afin de r\u00e9duire les risques potentiels, le choix a \u00e9t\u00e9 fait de ne pas assurer une restauration collective. Il vous est demand\u00e9 que les enfants apportent un repas froid pour le d\u00e9jeuner (sandwiches, salades, crudit\u00e9s,&#8230;) dans un sac isotherme avec couverts et petite bouteille d\u2019eau individuelle qui se fera dans les salles de classe sous la surveillance des agents du Syndicat, conform\u00e9ment aux prescriptions du protocole sanitaire.<\/p>\n<ul>\n<li><strong>ACCUEIL P\u00c9RISCOLAIRE<\/strong><\/li>\n<\/ul>\n<p>Jusqu\u2019au 2\/06 a minima, un accueil dans la limite de 12 places est pr\u00e9vu le matin de 7h15 \u00e0 8h30 et le soir de 16h \u00e0 19h pour les enfants <u>des personnels prioritaires uniquement<\/u>. Cet accueil se fera directement \u00e0 l\u2019\u00e9cole \u00e9l\u00e9mentaire.<\/p>\n<p>Si vous \u00eates dans ce cas, il faut vous signaler aupr\u00e8s du Syndicat des Ecoles au 05 59 04 78 64. L\u2019accueil ne pourra se faire que sur <u>r\u00e9servation pr\u00e9alable obligatoire<\/u> par t\u00e9l\u00e9phone aupr\u00e8s de nos services, au tarif habituel de l\u2019accueil p\u00e9riscolaire.<\/p>\n<ul>\n<li><strong>CENTRE DE LOISIRS MERCREDI<\/strong><\/li>\n<\/ul>\n<p>Le centre de loisirs restera ferm\u00e9 pour une dur\u00e9e ind\u00e9termin\u00e9e. Aucun accueil ne sera fait sur ce temps-l\u00e0. Nous \u00e9tudions avec les services de l\u2019\u00e9tat la possibilit\u00e9 d\u2019une ouverture du centre de loisirs pour l\u2019\u00e9t\u00e9 et nous ferons une communication en ce sens d\u00e8s que nous aurons plus d\u2019\u00e9l\u00e9ments.<\/p>\n<p>&nbsp;<\/p>\n<p>Si vous souhaitez de plus amples renseignements, n\u2019h\u00e9sitez pas \u00e0 nous contacter.<\/p>\n<p>Soyez assur\u00e9s que nous mettons tout en \u0153uvre pour une ouverture de l\u2019\u00e9cole et des services p\u00e9riscolaires dans le strict respect des r\u00e8gles sanitaires.<\/p>\n<p>Nous comptons sur votre compr\u00e9hension et votre adh\u00e9sion \u00e0 ces mesures restrictives mais indispensables.[\/vc_column_text][\/vc_column][\/vc_row]<\/p>\n","protected":false},"excerpt":{"rendered":"<p>[vc_row][vc_column][vc_column_text]Les \u00e9coles du Syndicat vont r\u00e9ouvrir le jeudi 14 mai prochain, apr\u00e8s 8 semaines de confinement. En concertation avec les enseignants, nous tenions \u00e0 vous informer des mesures mises en place pour accueillir vos enfants dans les meilleures conditions, en respectant les directives strictes du protocole sanitaire publi\u00e9 par le minist\u00e8re de l\u2019\u00e9ducation nationale. HYGI\u00c8NE &#8230;<\/p>\n","protected":false},"author":3,"featured_media":4523,"comment_status":"closed","ping_status":"open","sticky":false,"template":"","format":"standard","meta":{"footnotes":""},"categories":[1],"tags":[],"class_list":["post-4522","post","type-post","status-publish","format-standard","has-post-thumbnail","hentry","category-non-classe"],"post_mailing_queue_ids":[],"_links":{"self":[{"href":"https:\/\/www.sivosgarlin.fr\/index.php\/wp-json\/wp\/v2\/posts\/4522","targetHints":{"allow":["GET"]}}],"collection":[{"href":"https:\/\/www.sivosgarlin.fr\/index.php\/wp-json\/wp\/v2\/posts"}],"about":[{"href":"https:\/\/www.sivosgarlin.fr\/index.php\/wp-json\/wp\/v2\/types\/post"}],"author":[{"embeddable":true,"href":"https:\/\/www.sivosgarlin.fr\/index.php\/wp-json\/wp\/v2\/users\/3"}],"replies":[{"embeddable":true,"href":"https:\/\/www.sivosgarlin.fr\/index.php\/wp-json\/wp\/v2\/comments?post=4522"}],"version-history":[{"count":1,"href":"https:\/\/www.sivosgarlin.fr\/index.php\/wp-json\/wp\/v2\/posts\/4522\/revisions"}],"predecessor-version":[{"id":4524,"href":"https:\/\/www.sivosgarlin.fr\/index.php\/wp-json\/wp\/v2\/posts\/4522\/revisions\/4524"}],"wp:featuredmedia":[{"embeddable":true,"href":"https:\/\/www.sivosgarlin.fr\/index.php\/wp-json\/wp\/v2\/media\/4523"}],"wp:attachment":[{"href":"https:\/\/www.sivosgarlin.fr\/index.php\/wp-json\/wp\/v2\/media?parent=4522"}],"wp:term":[{"taxonomy":"category","embeddable":true,"href":"https:\/\/www.sivosgarlin.fr\/index.php\/wp-json\/wp\/v2\/categories?post=4522"},{"taxonomy":"post_tag","embeddable":true,"href":"https:\/\/www.sivosgarlin.fr\/index.php\/wp-json\/wp\/v2\/tags?post=4522"}],"curies":[{"name":"wp","href":"https:\/\/api.w.org\/{rel}","templated":true}]}}