{"id":4513,"date":"2020-03-13T17:40:39","date_gmt":"2020-03-13T16:40:39","guid":{"rendered":"https:\/\/www.sivosgarlin.fr\/?p=4513"},"modified":"2021-03-26T15:17:56","modified_gmt":"2021-03-26T14:17:56","slug":"coronavirus-fermeture-des-ecoles-et-des-services","status":"publish","type":"post","link":"https:\/\/www.sivosgarlin.fr\/index.php\/2020\/03\/13\/coronavirus-fermeture-des-ecoles-et-des-services\/","title":{"rendered":"CORONAVIRUS &#8211; FERMETURE DES ECOLES ET DES SERVICES"},"content":{"rendered":"<p>[vc_row][vc_column][vc_column_text]Les \u00e9tablissements scolaires seront ferm\u00e9s \u00e0 compter du lundi 16 mars 2020 et pour une dur\u00e9e ind\u00e9termin\u00e9e.<\/p>\n<p>Les services p\u00e9riscolaires (cantine, accueil p\u00e9riscolaire et centre de loisirs du mercredi) seront \u00e9galement ferm\u00e9s.<\/p>\n<p>Une permanence administrative sera tenue au si\u00e8ge du Syndicat &#8211; 3 place de la Libert\u00e9 &#8211; 64330 GARLIN.<\/p>\n<p>Vous pouvez nous joindre au 05 59 04 78 64 ou par mail contact@sivosgarlin.fr.<\/p>\n<p>Une mise \u00e0 jour en fonction des informations transmises sera faite sur le site.<\/p>\n<p>Merci de votre compr\u00e9hension.[\/vc_column_text][\/vc_column][\/vc_row]<\/p>\n","protected":false},"excerpt":{"rendered":"<p>[vc_row][vc_column][vc_column_text]Les \u00e9tablissements scolaires seront ferm\u00e9s \u00e0 compter du lundi 16 mars 2020 et pour une dur\u00e9e ind\u00e9termin\u00e9e. Les services p\u00e9riscolaires (cantine, accueil p\u00e9riscolaire et centre de loisirs du mercredi) seront \u00e9galement ferm\u00e9s. Une permanence administrative sera tenue au si\u00e8ge du Syndicat &#8211; 3 place de la Libert\u00e9 &#8211; 64330 GARLIN. Vous pouvez nous joindre au &#8230;<\/p>\n","protected":false},"author":3,"featured_media":4517,"comment_status":"closed","ping_status":"open","sticky":false,"template":"","format":"standard","meta":{"footnotes":""},"categories":[1],"tags":[],"class_list":["post-4513","post","type-post","status-publish","format-standard","has-post-thumbnail","hentry","category-non-classe"],"post_mailing_queue_ids":[],"_links":{"self":[{"href":"https:\/\/www.sivosgarlin.fr\/index.php\/wp-json\/wp\/v2\/posts\/4513","targetHints":{"allow":["GET"]}}],"collection":[{"href":"https:\/\/www.sivosgarlin.fr\/index.php\/wp-json\/wp\/v2\/posts"}],"about":[{"href":"https:\/\/www.sivosgarlin.fr\/index.php\/wp-json\/wp\/v2\/types\/post"}],"author":[{"embeddable":true,"href":"https:\/\/www.sivosgarlin.fr\/index.php\/wp-json\/wp\/v2\/users\/3"}],"replies":[{"embeddable":true,"href":"https:\/\/www.sivosgarlin.fr\/index.php\/wp-json\/wp\/v2\/comments?post=4513"}],"version-history":[{"count":2,"href":"https:\/\/www.sivosgarlin.fr\/index.php\/wp-json\/wp\/v2\/posts\/4513\/revisions"}],"predecessor-version":[{"id":4515,"href":"https:\/\/www.sivosgarlin.fr\/index.php\/wp-json\/wp\/v2\/posts\/4513\/revisions\/4515"}],"wp:featuredmedia":[{"embeddable":true,"href":"https:\/\/www.sivosgarlin.fr\/index.php\/wp-json\/wp\/v2\/media\/4517"}],"wp:attachment":[{"href":"https:\/\/www.sivosgarlin.fr\/index.php\/wp-json\/wp\/v2\/media?parent=4513"}],"wp:term":[{"taxonomy":"category","embeddable":true,"href":"https:\/\/www.sivosgarlin.fr\/index.php\/wp-json\/wp\/v2\/categories?post=4513"},{"taxonomy":"post_tag","embeddable":true,"href":"https:\/\/www.sivosgarlin.fr\/index.php\/wp-json\/wp\/v2\/tags?post=4513"}],"curies":[{"name":"wp","href":"https:\/\/api.w.org\/{rel}","templated":true}]}}