{"id":4454,"date":"2020-02-04T16:24:50","date_gmt":"2020-02-04T15:24:50","guid":{"rendered":"https:\/\/www.sivosgarlin.fr\/?p=4454"},"modified":"2021-03-26T15:17:56","modified_gmt":"2021-03-26T14:17:56","slug":"accueil-de-loisirs-vacances-de-printemps","status":"publish","type":"post","link":"https:\/\/www.sivosgarlin.fr\/index.php\/2020\/02\/04\/accueil-de-loisirs-vacances-de-printemps\/","title":{"rendered":"Accueil de Loisirs Vacances d&rsquo;Hiver"},"content":{"rendered":"<p>[vc_row][vc_column][vc_column_text]<\/p>\n<div class=\"vc_row wpb_row vc_row-fluid\">\n<div class=\"wpb_column vc_column_container vc_col-sm-12\">\n<div class=\"vc_column-inner \">\n<div class=\"wpb_wrapper\">\n<div class=\"wpb_text_column wpb_content_element \">\n<div class=\"wpb_wrapper\">\n<p>Ce printemps, l\u2019Accueil de loisirs de Garlin ouvrira ses portes du 24 f\u00e9vrier au 06 mars 2020. Durant cette p\u00e9riode, la th\u00e9matique est Spectacle et Arts de la Rue :<\/p>\n<p>Toutes les informations n\u00e9cessaires \u00e0 l\u2019inscription\u00a0 sont \u00e0 retrouver\u00a0 en <a href=\"https:\/\/www.sivosgarlin.fr\/wp-content\/uploads\/2020\/02\/plaquette-ALSH-Hiver-2020.pdf\" target=\"_blank\" rel=\"noopener noreferrer\"><strong>cliquant ici<\/strong><\/a>.<\/p>\n<\/div>\n<\/div>\n<\/div>\n<\/div>\n<\/div>\n<\/div>\n<p>[\/vc_column_text][\/vc_column][\/vc_row]<\/p>\n","protected":false},"excerpt":{"rendered":"<p>[vc_row][vc_column][vc_column_text] Ce printemps, l\u2019Accueil de loisirs de Garlin ouvrira ses portes du 24 f\u00e9vrier au 06 mars 2020. Durant cette p\u00e9riode, la th\u00e9matique est Spectacle et Arts de la Rue : Toutes les informations n\u00e9cessaires \u00e0 l\u2019inscription\u00a0 sont \u00e0 retrouver\u00a0 en cliquant ici. [\/vc_column_text][\/vc_column][\/vc_row]<\/p>\n","protected":false},"author":2,"featured_media":4459,"comment_status":"closed","ping_status":"open","sticky":false,"template":"","format":"standard","meta":{"footnotes":""},"categories":[1],"tags":[],"class_list":["post-4454","post","type-post","status-publish","format-standard","has-post-thumbnail","hentry","category-non-classe"],"post_mailing_queue_ids":[],"_links":{"self":[{"href":"https:\/\/www.sivosgarlin.fr\/index.php\/wp-json\/wp\/v2\/posts\/4454","targetHints":{"allow":["GET"]}}],"collection":[{"href":"https:\/\/www.sivosgarlin.fr\/index.php\/wp-json\/wp\/v2\/posts"}],"about":[{"href":"https:\/\/www.sivosgarlin.fr\/index.php\/wp-json\/wp\/v2\/types\/post"}],"author":[{"embeddable":true,"href":"https:\/\/www.sivosgarlin.fr\/index.php\/wp-json\/wp\/v2\/users\/2"}],"replies":[{"embeddable":true,"href":"https:\/\/www.sivosgarlin.fr\/index.php\/wp-json\/wp\/v2\/comments?post=4454"}],"version-history":[{"count":6,"href":"https:\/\/www.sivosgarlin.fr\/index.php\/wp-json\/wp\/v2\/posts\/4454\/revisions"}],"predecessor-version":[{"id":4462,"href":"https:\/\/www.sivosgarlin.fr\/index.php\/wp-json\/wp\/v2\/posts\/4454\/revisions\/4462"}],"wp:featuredmedia":[{"embeddable":true,"href":"https:\/\/www.sivosgarlin.fr\/index.php\/wp-json\/wp\/v2\/media\/4459"}],"wp:attachment":[{"href":"https:\/\/www.sivosgarlin.fr\/index.php\/wp-json\/wp\/v2\/media?parent=4454"}],"wp:term":[{"taxonomy":"category","embeddable":true,"href":"https:\/\/www.sivosgarlin.fr\/index.php\/wp-json\/wp\/v2\/categories?post=4454"},{"taxonomy":"post_tag","embeddable":true,"href":"https:\/\/www.sivosgarlin.fr\/index.php\/wp-json\/wp\/v2\/tags?post=4454"}],"curies":[{"name":"wp","href":"https:\/\/api.w.org\/{rel}","templated":true}]}}