{"id":4395,"date":"2020-01-14T15:44:59","date_gmt":"2020-01-14T14:44:59","guid":{"rendered":"https:\/\/www.sivosgarlin.fr\/?p=4395"},"modified":"2021-03-26T15:17:56","modified_gmt":"2021-03-26T14:17:56","slug":"espace-jeunes-hiver-2020","status":"publish","type":"post","link":"https:\/\/www.sivosgarlin.fr\/index.php\/2020\/01\/14\/espace-jeunes-hiver-2020\/","title":{"rendered":"Espace Jeunes Hiver 2020"},"content":{"rendered":"<p>[vc_row][vc_column][vc_column_text]Pour les prochaines vacances, l&rsquo;Espace Jeunes de Garlin ouvrira ses portes du lundi 24 au vendredi 28 f\u00e9vrier 2020.<\/p>\n<p>Vous pouvez t\u00e9l\u00e9charger le programme d&rsquo;animation de l&rsquo;Espace Jeunes de Garlin en cliquant <a href=\"https:\/\/www.sivosgarlin.fr\/wp-content\/uploads\/2020\/01\/Programme-GarlinAJEUNDA-CCLB-A6_Hiver_bd.pdf\">ici<\/a>.<\/p>\n<p>\u00c0 noter un changement pour l&rsquo;activit\u00e9 <strong><span style=\"text-decoration: underline;\">p\u00e2tisserie du 24 f\u00e9vrier<\/span><\/strong>. Il ne nous sera pas possible de fabriquer des viennoiseries. Mr ROSEZ nous propose donc de fabriquer des pizzas. Merci de votre compr\u00e9hension.<\/p>\n<p>[\/vc_column_text][vc_btn title=\u00a0\u00bbAJEUNDA Hiver 2020&Prime; style=\u00a0\u00bbclassic\u00a0\u00bb color=\u00a0\u00bbdanger\u00a0\u00bb align=\u00a0\u00bbleft\u00a0\u00bb i_icon_fontawesome=\u00a0\u00bbfa fa-file-pdf-o\u00a0\u00bb link=\u00a0\u00bburl:https%3A%2F%2Fwww.sivosgarlin.fr%2Fwp-content%2Fuploads%2F2020%2F01%2FAJEUNDA-CCLB-A6_Hiver_bd.pdf||\u00a0\u00bb add_icon=\u00a0\u00bbtrue\u00a0\u00bb][vc_column_text]<\/p>\n<p style=\"font-weight: 400;\"><strong><u>Proc\u00e9dure de pr\u00e9-inscription\u00a0:<\/u><\/strong><\/p>\n<p><span style=\"color: #ff0000;\">du <strong><span style=\"text-decoration: underline;\"><span style=\"font-size: 14pt;\">14 janvier au <\/span><\/span><span style=\"text-decoration: underline;\"><span style=\"font-size: 14pt;\">7\u00a0<\/span><\/span><span style=\"text-decoration: underline;\"><span style=\"font-size: 14pt;\"> f\u00e9vrier\u00a0<\/span><\/span><span style=\"font-size: 14pt;\">\u00a0\u00a0<\/span><\/strong><span style=\"font-size: 12pt;\"><span style=\"color: #000000;\">(ne pas tenir compte de l&rsquo;information sur la derni\u00e8re de couverture de l&rsquo;AJEUNDA)<\/span><\/span><\/span><\/p>\n<p style=\"font-weight: 400;\"><strong>\u00a0E<\/strong><strong>SPACE JEUNES GARLIN<\/strong><strong>\u00a0: via le portail familles\u00a0<\/strong>:\u00a0<a href=\"https:\/\/espacefamille.aiga.fr\/inoe\/inoeEFv4.217.4.pilote.20200106.19771\/1356550#connexion&amp;152741\">https:\/\/espacefamille.aiga.fr\/1356550<\/a><\/p>\n<p style=\"font-weight: 400;\">Informations sur\u00a0:<strong>\u00a0<\/strong><a href=\"https:\/\/www.sivosgarlin.fr\/\">www.sivosgarlin.fr<\/a>\u00a0ou au 05 59 04 78 64<\/p>\n<p style=\"font-weight: 400;\"><strong>ESPACES JEUNES ARZACQ ET SERRES-CASTET<\/strong><strong>\u00a0<\/strong><\/p>\n<p style=\"font-weight: 400;\"><strong><u>ETAPE 1\u00a0:<\/u><\/strong><\/p>\n<p style=\"font-weight: 400;\">Remplissez le questionnaire en ligne et validez-le (un seul questionnaire par jeune !)<\/p>\n<p style=\"font-weight: 400;\"><strong>Espace Jeunes Arzacq<\/strong>\u00a0:\u00a0<a href=\"https:\/\/forms.gle\/vbZMqwqZpfH7zVDe8\">https:\/\/forms.gle\/vbZMqwqZpfH7zVDe8<\/a><\/p>\n<p style=\"font-weight: 400;\"><strong>Espace Jeunes Serres-Castet<\/strong>\u00a0:\u00a0<a href=\"https:\/\/forms.gle\/ELG4dJRBH6K8Xr1C6\">https:\/\/forms.gle\/ELG4dJRBH6K8Xr1C6<\/a><\/p>\n<p>Vous pouvez \u00e9galement contacter directement les 3 espaces jeunes pour effectuer la pr\u00e9-inscription par t\u00e9l\u00e9phone (cf. contacts \u00e0 la derni\u00e8re page de l\u2019AJEUNDA)<\/p>\n<p style=\"font-weight: 400;\"><strong><u>ETAPE 2<\/u><\/strong><strong>\u00a0\u2013Seulement pour ceux qui n\u2019ont pas \u00e9t\u00e9 inscrits sur l\u2019un des 3 espaces jeunes durant l\u2019ann\u00e9e scolaire en cours<\/strong><\/p>\n<p style=\"font-weight: 400;\">Retournez\u00a0 par courrier ou par mail** les documents suivants OBLIGATOIRES afin de valider votre pr\u00e9-inscription \u00a0:<\/p>\n<p style=\"font-weight: 400;\">\u00a0<a href=\"https:\/\/docs.wixstatic.com\/ugd\/4486ee_46e60e4cce9c4cddae056e7a1da0178c.pdf\">&#8211; Fiche de renseignement 2019\/2020\u00a0<\/a>\u00a0(document unique aux 3 espaces jeunes que vous pouvez remplir en ligne)<\/p>\n<p style=\"font-weight: 400;\">&#8211;\u00a0\u00a0\u00a0l\u2019attestation d\u2019aisance aquatique (sauf si d\u00e9j\u00e0 transmise)<\/p>\n<p style=\"font-weight: 400;\">. Pour les allocataires, l&rsquo;attestation de quotient familial CAF-MSA ou l&rsquo;attestation \u00ab\u00a0Aide aux Temps\u00a0\u00bb Libre CAF ou \u00ab\u00a0Bons vacances\u00a0\u00bb MSA.<\/p>\n<p style=\"font-weight: 400;\">. Pour les non-allocataires, le dernier avis d&rsquo;imposition.<\/p>\n<p style=\"font-weight: 400;\"><strong>*Espace jeunes Arzacq<\/strong>\u00a0:\u00a0<a href=\"mailto:animationjeunesse@cclb64.fr\">animationjeunesse@cclb64.fr<\/a>\u00a0 \/\u00a0\u00a068, chemin de Pau \u2013 64121 Serres-Castet<\/p>\n<p><strong>*Espace jeunes Garlin : <\/strong>service.animation@sivosgarlin.fr \/ 3, place de la libert\u00e9 &#8211; 64330 Garlin<\/p>\n<p style=\"font-weight: 400;\"><strong>*Espace jeunes Serres-Castet<\/strong>\u00a0:\u00a0<a href=\"mailto:quentin.barnaud@csap.fr\">quentin.barnaud@csap.fr<\/a>\u00a0\/ 2, rue Aristide Finco\u2013 64121 Serres-Castet<\/p>\n<p>Si vous pr\u00e9inscrivez votre enfant sur 2 espaces jeunes, merci de renvoyer les documents \u00e0 l\u2019adresse suivante\u00a0:\u00a0<a href=\"mailto:animationjeunesse@cclb64.fr\">animationjeunesse@cclb64.fr<\/a>\u00a0 \/\u00a0\u00a068, chemin de Pau \u2013 64121 Serres-Castet<\/p>\n<p style=\"font-weight: 400;\"><strong><u>ETAPE 3<\/u><\/strong>\u00a0\u2013La confirmation de l\u2019inscription d\u00e9finitive vous sera communiqu\u00e9e par mail \u00e0 compter du 10 f\u00e9vrier 2020.<\/p>\n<p style=\"font-weight: 400;\"><strong><u>ETAPE 4<\/u><\/strong>\u00a0&#8211; Une facture sera adress\u00e9e en fin de p\u00e9riode de vacances.<\/p>\n<p>[\/vc_column_text][\/vc_column][\/vc_row]<\/p>\n","protected":false},"excerpt":{"rendered":"<p>[vc_row][vc_column][vc_column_text]Pour les prochaines vacances, l&rsquo;Espace Jeunes de Garlin ouvrira ses portes du lundi 24 au vendredi 28 f\u00e9vrier 2020. Vous pouvez t\u00e9l\u00e9charger le programme d&rsquo;animation de l&rsquo;Espace Jeunes de Garlin en cliquant ici. \u00c0 noter un changement pour l&rsquo;activit\u00e9 p\u00e2tisserie du 24 f\u00e9vrier. Il ne nous sera pas possible de fabriquer des viennoiseries. Mr ROSEZ &#8230;<\/p>\n","protected":false},"author":5,"featured_media":4401,"comment_status":"closed","ping_status":"open","sticky":false,"template":"","format":"standard","meta":{"footnotes":""},"categories":[1],"tags":[],"class_list":["post-4395","post","type-post","status-publish","format-standard","has-post-thumbnail","hentry","category-non-classe"],"post_mailing_queue_ids":[],"_links":{"self":[{"href":"https:\/\/www.sivosgarlin.fr\/index.php\/wp-json\/wp\/v2\/posts\/4395","targetHints":{"allow":["GET"]}}],"collection":[{"href":"https:\/\/www.sivosgarlin.fr\/index.php\/wp-json\/wp\/v2\/posts"}],"about":[{"href":"https:\/\/www.sivosgarlin.fr\/index.php\/wp-json\/wp\/v2\/types\/post"}],"author":[{"embeddable":true,"href":"https:\/\/www.sivosgarlin.fr\/index.php\/wp-json\/wp\/v2\/users\/5"}],"replies":[{"embeddable":true,"href":"https:\/\/www.sivosgarlin.fr\/index.php\/wp-json\/wp\/v2\/comments?post=4395"}],"version-history":[{"count":4,"href":"https:\/\/www.sivosgarlin.fr\/index.php\/wp-json\/wp\/v2\/posts\/4395\/revisions"}],"predecessor-version":[{"id":4431,"href":"https:\/\/www.sivosgarlin.fr\/index.php\/wp-json\/wp\/v2\/posts\/4395\/revisions\/4431"}],"wp:featuredmedia":[{"embeddable":true,"href":"https:\/\/www.sivosgarlin.fr\/index.php\/wp-json\/wp\/v2\/media\/4401"}],"wp:attachment":[{"href":"https:\/\/www.sivosgarlin.fr\/index.php\/wp-json\/wp\/v2\/media?parent=4395"}],"wp:term":[{"taxonomy":"category","embeddable":true,"href":"https:\/\/www.sivosgarlin.fr\/index.php\/wp-json\/wp\/v2\/categories?post=4395"},{"taxonomy":"post_tag","embeddable":true,"href":"https:\/\/www.sivosgarlin.fr\/index.php\/wp-json\/wp\/v2\/tags?post=4395"}],"curies":[{"name":"wp","href":"https:\/\/api.w.org\/{rel}","templated":true}]}}